{"id":15213,"date":"2024-11-29T19:57:24","date_gmt":"2024-11-29T23:57:24","guid":{"rendered":"https:\/\/prensapresidencialvenezuela.gob.ve\/?p=15213"},"modified":"2024-11-29T19:57:24","modified_gmt":"2024-11-29T23:57:24","slug":"jefe-de-estado-condena-genocidio-en-palestina-y-complicidad-internacional","status":"publish","type":"post","link":"https:\/\/prensapresidencialvenezuela.gob.ve\/index.php\/2024\/11\/29\/jefe-de-estado-condena-genocidio-en-palestina-y-complicidad-internacional\/","title":{"rendered":"Jefe de Estado condena genocidio en Palestina y complicidad internacional"},"content":{"rendered":"\n<p><strong>La Casona Cultural Aquiles Nazoa, Caracas.- <\/strong>Durante la Conferencia Internacional en Solidaridad con Palestina, el presidente de la Rep\u00fablica Bolivariana de Venezuela, Nicol\u00e1s Maduro Moros, conden\u00f3 el genocidio en Palestina y denunci\u00f3 la complicidad internacional, por lo que asever\u00f3 que \u00aben la lista de las causas de la humanidad, para un mundo justo, est\u00e1 el derecho a la vida, a la independencia de un Estado pleno Palestino\u00bb.<\/p>\n\n\n\n<p>El jefe de Estado tambi\u00e9n declar\u00f3 que con el genocidio en marcha, que est\u00e1 apoyado, armado y financiado por las \u00e9lites imperialistas de los Estados Unidos, con las \u00e9lites sat\u00e9lites de Europa, adem\u00e1s de la complicidad de la extrema derecha latinoamericana, como la de Javier Milei, quien ha apoyado, junto a los oligarcas, el genocidio de miles de ni\u00f1os (as) hombres y mujeres de Palestina, es necesario luchar por un mundo justo.<\/p>\n\n\n\n<p>En este sentido, el Presidente de Venezuela inst\u00f3 al pueblo de Gaza a resistir y luchar, en su lucha anticolonialista. \u00ab M\u00e1s temprano que tarde nos veremos en las calles de Jerusal\u00e9n, victoriosos. Vamos a lograr en este siglo, en la lista de las causas de la humanidad, para ser un mundo justo, la causa de Palestina\u00bb, destac\u00f3.<\/p>\n\n\n\n<p>Es de inter\u00e9s mencionar que el pueblo de Palestina reitera en todo momento un alto el fuego, de inmediato, y la liberaci\u00f3n incondicional de todos los rehenes, el fin de la ocupaci\u00f3n ilegal del territorio palestino, as\u00ed como del a<strong>vance irreversible hacia una soluci\u00f3n de dos Estados<\/strong>.<\/p>\n\n\n\n<p>En este sentido, el Dignatario urgi\u00f3 a apoyar la causa Palestina, y a\u00fan m\u00e1s por ser hoy el D\u00eda Mundial de la Solidaridad y Apoyo a la Causa del Pueblo Palestino, a quienes les dio la bienvenida a \u00abla tierra de Bol\u00edvar, a la cuna de libertad\u00bb, puntualiz\u00f3.<\/p>\n\n\n\n<p><strong>Prensa Presidencial\/ Irmary D\u00edaz <\/strong><a><\/a><strong><\/strong><\/p>\n","protected":false},"excerpt":{"rendered":"<p>La Casona Cultural Aquiles Nazoa, Caracas.- Durante la Conferencia Internacional en Solidaridad con Palestina, el presidente de la Rep\u00fablica Bolivariana de Venezuela, Nicol\u00e1s Maduro Moros, conden\u00f3 el genocidio en Palestina y denunci\u00f3 la complicidad internacional, por lo que asever\u00f3 que \u00aben la lista de las causas de la humanidad, para un mundo justo, est\u00e1 el [&hellip;]<\/p>\n","protected":false},"author":1,"featured_media":15214,"comment_status":"open","ping_status":"open","sticky":false,"template":"","format":"standard","meta":{"footnotes":""},"categories":[18,7],"tags":[1114,681,663],"class_list":["post-15213","post","type-post","status-publish","format-standard","has-post-thumbnail","hentry","category-noticias-principales","category-notas-de-prensa","tag-complicidad","tag-internacional","tag-presidente"],"_links":{"self":[{"href":"https:\/\/prensapresidencialvenezuela.gob.ve\/index.php\/wp-json\/wp\/v2\/posts\/15213","targetHints":{"allow":["GET"]}}],"collection":[{"href":"https:\/\/prensapresidencialvenezuela.gob.ve\/index.php\/wp-json\/wp\/v2\/posts"}],"about":[{"href":"https:\/\/prensapresidencialvenezuela.gob.ve\/index.php\/wp-json\/wp\/v2\/types\/post"}],"author":[{"embeddable":true,"href":"https:\/\/prensapresidencialvenezuela.gob.ve\/index.php\/wp-json\/wp\/v2\/users\/1"}],"replies":[{"embeddable":true,"href":"https:\/\/prensapresidencialvenezuela.gob.ve\/index.php\/wp-json\/wp\/v2\/comments?post=15213"}],"version-history":[{"count":1,"href":"https:\/\/prensapresidencialvenezuela.gob.ve\/index.php\/wp-json\/wp\/v2\/posts\/15213\/revisions"}],"predecessor-version":[{"id":15215,"href":"https:\/\/prensapresidencialvenezuela.gob.ve\/index.php\/wp-json\/wp\/v2\/posts\/15213\/revisions\/15215"}],"wp:featuredmedia":[{"embeddable":true,"href":"https:\/\/prensapresidencialvenezuela.gob.ve\/index.php\/wp-json\/wp\/v2\/media\/15214"}],"wp:attachment":[{"href":"https:\/\/prensapresidencialvenezuela.gob.ve\/index.php\/wp-json\/wp\/v2\/media?parent=15213"}],"wp:term":[{"taxonomy":"category","embeddable":true,"href":"https:\/\/prensapresidencialvenezuela.gob.ve\/index.php\/wp-json\/wp\/v2\/categories?post=15213"},{"taxonomy":"post_tag","embeddable":true,"href":"https:\/\/prensapresidencialvenezuela.gob.ve\/index.php\/wp-json\/wp\/v2\/tags?post=15213"}],"curies":[{"name":"wp","href":"https:\/\/api.w.org\/{rel}","templated":true}]}}