{"id":1528,"date":"2022-03-16T18:50:00","date_gmt":"2022-03-16T18:50:00","guid":{"rendered":"http:\/\/172.27.0.121\/?p=1528"},"modified":"2022-06-27T18:53:10","modified_gmt":"2022-06-27T18:53:10","slug":"movimiento-popular-nacional-unido-para-optimizar-el-crecimiento-economico-nacional","status":"publish","type":"post","link":"https:\/\/prensapresidencialvenezuela.gob.ve\/index.php\/2022\/03\/16\/movimiento-popular-nacional-unido-para-optimizar-el-crecimiento-economico-nacional\/","title":{"rendered":"Movimiento popular nacional unido para optimizar el crecimiento econ\u00f3mico nacional"},"content":{"rendered":"\n<p><strong>Palacio de Miraflores, Caracas. \u2013<\/strong>&nbsp;El presidente de la Rep\u00fablica Bolivariana de Venezuela, Nicol\u00e1s Maduro, llam\u00f3 a los l\u00edderes, lideresas, jefes y jefas de Comunas, Unidades de Batalla Bol\u00edvar \u2013 Ch\u00e1vez (UBCh) , los Comit\u00e9s Locales de Abastecimiento y Producci\u00f3n (CLAP) y a todo el movimiento popular nacional, a la uni\u00f3n y al trabajo en la base de manera conjunta, en aras de seguir optimizando el crecimiento econ\u00f3mico nacional.<\/p>\n\n\n\n<p>\u201cA todos y a todas a limar las asperezas (\u2026) y a unirnos por Venezuela, a unirnos por el pueblo, \u00bfeso es posible verdad?, \u00bflo vamos a lograr?\u201d, pregunt\u00f3 el Jefe de Estado venezolano, a manera de reflexi\u00f3n desde una jornada de trabajo desde el Complejo Frigor\u00edfico de Taz\u00f3n con los Comit\u00e9s Locales de Abastecimiento y Producci\u00f3n (CLAP) en su sexto aniversario.<\/p>\n\n\n\n<p>Record\u00f3 que Venezuela tiene una pr\u00e1ctica demostrable desde la acci\u00f3n de todo el pueblo para vencer los obst\u00e1culos que han intentado trabar las pol\u00edticas alimentarias del Ejecutivo Nacional.<\/p>\n\n\n\n<p>\u201cLos milicianos, las milicianas, los consejos comunales, las UBCH. Yo los llam\u00e9 a todos empezando el 2016, convoqu\u00e9 a la Milicia Nacional Bolivariana, a los Consejos Comunales y a las comunas, al Frente Francisco de Miranda (FFM) y a otras organizaciones de car\u00e1cter nacional popular, y dije: vamos a hacer una gran alianza para vencer con los principios de la guerra de todo el pueblo este frente de batalla que pretende socavar la estabilidad territorial, comunitaria, familiar de Venezuela\u201d, evoc\u00f3.<\/p>\n\n\n\n<p>Dichas pretensiones tambi\u00e9n buscaban someter \u201cal hambre al pueblo de Venezuela porque ya ellos lo repet\u00edan en el mundo: Venezuela, las colas, el hambre y toda la campa\u00f1a que hicieron contra Venezuela que mucha gente las cree, millones de personas las creen\u201d, record\u00f3 e inst\u00f3 el presidente Maduro a trabajar en equipo para producir cada vez m\u00e1s.<\/p>\n\n\n\n<p><strong>Prensa Presidencial\/Ana\u00eds P\u00e9rez\u00a0<\/strong><\/p>\n","protected":false},"excerpt":{"rendered":"<p>Palacio de Miraflores, Caracas. \u2013&nbsp;El presidente de la Rep\u00fablica Bolivariana de Venezuela, Nicol\u00e1s Maduro, llam\u00f3 a los l\u00edderes, lideresas, jefes y jefas de Comunas, Unidades de Batalla Bol\u00edvar \u2013 Ch\u00e1vez (UBCh) , los Comit\u00e9s Locales de Abastecimiento y Producci\u00f3n (CLAP) y a todo el movimiento popular nacional, a la uni\u00f3n y al trabajo en la [&hellip;]<\/p>\n","protected":false},"author":6,"featured_media":1529,"comment_status":"open","ping_status":"open","sticky":false,"template":"","format":"standard","meta":{"footnotes":""},"categories":[7],"tags":[],"class_list":["post-1528","post","type-post","status-publish","format-standard","has-post-thumbnail","hentry","category-notas-de-prensa"],"_links":{"self":[{"href":"https:\/\/prensapresidencialvenezuela.gob.ve\/index.php\/wp-json\/wp\/v2\/posts\/1528","targetHints":{"allow":["GET"]}}],"collection":[{"href":"https:\/\/prensapresidencialvenezuela.gob.ve\/index.php\/wp-json\/wp\/v2\/posts"}],"about":[{"href":"https:\/\/prensapresidencialvenezuela.gob.ve\/index.php\/wp-json\/wp\/v2\/types\/post"}],"author":[{"embeddable":true,"href":"https:\/\/prensapresidencialvenezuela.gob.ve\/index.php\/wp-json\/wp\/v2\/users\/6"}],"replies":[{"embeddable":true,"href":"https:\/\/prensapresidencialvenezuela.gob.ve\/index.php\/wp-json\/wp\/v2\/comments?post=1528"}],"version-history":[{"count":1,"href":"https:\/\/prensapresidencialvenezuela.gob.ve\/index.php\/wp-json\/wp\/v2\/posts\/1528\/revisions"}],"predecessor-version":[{"id":1530,"href":"https:\/\/prensapresidencialvenezuela.gob.ve\/index.php\/wp-json\/wp\/v2\/posts\/1528\/revisions\/1530"}],"wp:featuredmedia":[{"embeddable":true,"href":"https:\/\/prensapresidencialvenezuela.gob.ve\/index.php\/wp-json\/wp\/v2\/media\/1529"}],"wp:attachment":[{"href":"https:\/\/prensapresidencialvenezuela.gob.ve\/index.php\/wp-json\/wp\/v2\/media?parent=1528"}],"wp:term":[{"taxonomy":"category","embeddable":true,"href":"https:\/\/prensapresidencialvenezuela.gob.ve\/index.php\/wp-json\/wp\/v2\/categories?post=1528"},{"taxonomy":"post_tag","embeddable":true,"href":"https:\/\/prensapresidencialvenezuela.gob.ve\/index.php\/wp-json\/wp\/v2\/tags?post=1528"}],"curies":[{"name":"wp","href":"https:\/\/api.w.org\/{rel}","templated":true}]}}