{"id":15292,"date":"2024-12-02T22:19:58","date_gmt":"2024-12-03T02:19:58","guid":{"rendered":"https:\/\/prensapresidencialvenezuela.gob.ve\/?p=15292"},"modified":"2024-12-03T13:17:29","modified_gmt":"2024-12-03T17:17:29","slug":"nicolas-maduro-celebro-logros-en-el-ambito-educativo","status":"publish","type":"post","link":"https:\/\/prensapresidencialvenezuela.gob.ve\/index.php\/2024\/12\/02\/nicolas-maduro-celebro-logros-en-el-ambito-educativo\/","title":{"rendered":"Presidente Maduro celebr\u00f3 logros en el \u00e1mbito educativo"},"content":{"rendered":"\n<p><strong>Palacio de Miraflores, Caracas.-<\/strong> Durante su programa <em>Con Maduro +<\/em>, el presidente de la Rep\u00fablica Bolivariana de Venezuela, Nicol\u00e1s Maduro, destac\u00f3 el esfuerzo del ministro del Poder Popular para la Educaci\u00f3n, H\u00e9ctor Rodr\u00edguez, por su labor en la recuperaci\u00f3n de escuelas y liceos junto a las Brigadas Comunitarias Militares para la Educaci\u00f3n y la Salud (BRICOMILES) .<\/p>\n\n\n\n<p>\u00abEs un gran compa\u00f1ero y ha logrado articular junto a escuelas, liceos, con las BRICOMILES, porque cuando recuperamos esos liceos y escuelas tan bellos y tan grandes, bueno, se abre la posibilidad de crecer en la matr\u00edcula\u00bb, expres\u00f3.<\/p>\n\n\n\n<p>El presidente Maduro tambi\u00e9n destac\u00f3 el retorno de muchos venezolanos que hab\u00edan emigrado.<\/p>\n\n\n\n<p>\u00abHa regresado muchos de los migrantes, porque en la medida que Venezuela se recupere todos los migrantes volver\u00e1n\u00bb, sostuvo.<\/p>\n\n\n\n<p>Asimismo, revel\u00f3 que hab\u00eda transmitido este mensaje al gobernante&nbsp; estadounidense, Joe Biden, mencionando que \u00absi se hubieran cumplido los acuerdos de Catar y de Barbados por parte del Gobierno de Estados Unidos, yo lo dije y lo repito aqu\u00ed: Una vez que Venezuela se recupere plenamente y si se lograse levantar todas las sanciones econ\u00f3micas sobre Venezuela, la recuperaci\u00f3n se acelerar\u00eda\u00bb.<\/p>\n\n\n\n<p>En este sentido, a\u00f1adi\u00f3: \u00abEn menos de un a\u00f1o, contado a partir de la fecha en que se levantasen todas las sanciones, ni un migrante llegar\u00eda a Estados Unidos y todos esos migrantes que voluntariamente quisieron regresar regresar\u00edan\u00bb.<\/p>\n\n\n\n<p>El Mandatario tambi\u00e9n subray\u00f3: \u00abLa inmensa mayor\u00eda de los nuevos estudiantes de escuelas son hijos de migrantes que volvieron y ahora tienen su emprendimiento aqu\u00ed, tienen su actividad econ\u00f3mica aqu\u00ed\u00bb.<\/p>\n\n\n\n<p>El Jefe de Estado destac\u00f3 que este a\u00f1o se est\u00e1 experimentando \u00abel mejor a\u00f1o escolar que hemos tenido, por lo menos en los 11 a\u00f1os en que yo fui presidente\u00bb, subrayando que \u00abel mejor a\u00f1o escolar lo estamos teniendo en el 2024-2025 y lo vamos a consolidar\u00bb.<\/p>\n\n\n\n<p><strong>Prensa Presidencial \/ Eduardo Hueck<\/strong><\/p>\n","protected":false},"excerpt":{"rendered":"<p>Palacio de Miraflores, Caracas.- Durante su programa Con Maduro +, el presidente de la Rep\u00fablica Bolivariana de Venezuela, Nicol\u00e1s Maduro, destac\u00f3 el esfuerzo del ministro del Poder Popular para la Educaci\u00f3n, H\u00e9ctor Rodr\u00edguez, por su labor en la recuperaci\u00f3n de escuelas y liceos junto a las Brigadas Comunitarias Militares para la Educaci\u00f3n y la Salud [&hellip;]<\/p>\n","protected":false},"author":1,"featured_media":15293,"comment_status":"open","ping_status":"open","sticky":false,"template":"","format":"standard","meta":{"footnotes":""},"categories":[18,7],"tags":[63,896,897,468],"class_list":["post-15292","post","type-post","status-publish","format-standard","has-post-thumbnail","hentry","category-noticias-principales","category-notas-de-prensa","tag-educacion","tag-escuelas","tag-liceos","tag-logros"],"_links":{"self":[{"href":"https:\/\/prensapresidencialvenezuela.gob.ve\/index.php\/wp-json\/wp\/v2\/posts\/15292","targetHints":{"allow":["GET"]}}],"collection":[{"href":"https:\/\/prensapresidencialvenezuela.gob.ve\/index.php\/wp-json\/wp\/v2\/posts"}],"about":[{"href":"https:\/\/prensapresidencialvenezuela.gob.ve\/index.php\/wp-json\/wp\/v2\/types\/post"}],"author":[{"embeddable":true,"href":"https:\/\/prensapresidencialvenezuela.gob.ve\/index.php\/wp-json\/wp\/v2\/users\/1"}],"replies":[{"embeddable":true,"href":"https:\/\/prensapresidencialvenezuela.gob.ve\/index.php\/wp-json\/wp\/v2\/comments?post=15292"}],"version-history":[{"count":3,"href":"https:\/\/prensapresidencialvenezuela.gob.ve\/index.php\/wp-json\/wp\/v2\/posts\/15292\/revisions"}],"predecessor-version":[{"id":15324,"href":"https:\/\/prensapresidencialvenezuela.gob.ve\/index.php\/wp-json\/wp\/v2\/posts\/15292\/revisions\/15324"}],"wp:featuredmedia":[{"embeddable":true,"href":"https:\/\/prensapresidencialvenezuela.gob.ve\/index.php\/wp-json\/wp\/v2\/media\/15293"}],"wp:attachment":[{"href":"https:\/\/prensapresidencialvenezuela.gob.ve\/index.php\/wp-json\/wp\/v2\/media?parent=15292"}],"wp:term":[{"taxonomy":"category","embeddable":true,"href":"https:\/\/prensapresidencialvenezuela.gob.ve\/index.php\/wp-json\/wp\/v2\/categories?post=15292"},{"taxonomy":"post_tag","embeddable":true,"href":"https:\/\/prensapresidencialvenezuela.gob.ve\/index.php\/wp-json\/wp\/v2\/tags?post=15292"}],"curies":[{"name":"wp","href":"https:\/\/api.w.org\/{rel}","templated":true}]}}