{"id":15303,"date":"2024-12-02T22:39:25","date_gmt":"2024-12-03T02:39:25","guid":{"rendered":"https:\/\/prensapresidencialvenezuela.gob.ve\/?p=15303"},"modified":"2024-12-02T22:39:26","modified_gmt":"2024-12-03T02:39:26","slug":"paseo-balneario-de-macuto-icono-historico-que-impulsa-la-economia-del-estado-la-guaira","status":"publish","type":"post","link":"https:\/\/prensapresidencialvenezuela.gob.ve\/index.php\/2024\/12\/02\/paseo-balneario-de-macuto-icono-historico-que-impulsa-la-economia-del-estado-la-guaira\/","title":{"rendered":"Paseo Balneario de Macuto, \u00edcono hist\u00f3rico que impulsa la econom\u00eda del estado La Guaira"},"content":{"rendered":"\n<p><strong>Palacio de Miraflores, Caracas.- <\/strong>Paseo Balneario de Macuto, \u00edcono hist\u00f3rico del estado La Guaira, que forma parte del principal elemento econ\u00f3mico de la entidad, al contribuir con su crecimiento tur\u00edstico y financiero, as\u00ed lo resalt\u00f3 el alcalde del municipio Vargas, Jos\u00e9 Manuel Su\u00e1rez.<\/p>\n\n\n\n<p>Estas declaraciones fueron transmitidas durante el desarrollo del programa <em>Con Maduro +<\/em>, segmento \u00abM\u00e1s Regiones\u00bb, del presidente de la Rep\u00fablica Bolivariana de Venezuela, quien adem\u00e1s record\u00f3 con amor, sus tiempo de ni\u00f1ez familiar en el Litoral.<\/p>\n\n\n\n<p>Es importante mencionar que el Balneario hist\u00f3rico de Venezuela ha sido recuperado por completo y cuenta con \u00e1reas&nbsp; atractivas, recreativas, tur\u00edsticas, caminer\u00edas y ciclo-v\u00edas frente al mar, \u00e1reas aptas para espect\u00e1culos, entre otras; que forman parte de la visi\u00f3n de crecimiento e impulso del sector turismo y recreaci\u00f3n.<\/p>\n\n\n\n<p>Macuto ha recuperado paulatinamente su atractivo tur\u00edstico, lo que es para la parroquia un hermoso regalo de Navidad, un regalo para la historia de La Guaira, la cual est\u00e1 &nbsp;entre el&nbsp;<strong>Mar Caribe<\/strong>&nbsp;y el WarairaRepano, adem\u00e1s de ser recreada en famosos personajes, paisajes inmortalizados y llamativas edificaciones.<\/p>\n\n\n\n<p>El Paseo Balneario de Macuto cuenta con un clima tropical c\u00e1lido, pero suave,&nbsp; playas de aguas tibias dentro de la ciudad balneario, impulsada por el gobierno de Juan Vicente G\u00f3mez a inicios de los a\u00f1os 20, con la inauguraci\u00f3n de los llamados ba\u00f1os, el paseo frente al mar y el ya mencionado Hotel Miramar (1928-58), una gran villa decorada con elementos de car\u00e1cter neocl\u00e1sico y art <em>nouveau<\/em>, que en la actualidad ha sido restaurada su fachada como parte de la elaborada restructuraci\u00f3n de este reconocido lugar.<\/p>\n\n\n\n<p><strong>Prensa Presidencial\/Irmary D\u00edaz.<\/strong><\/p>\n","protected":false},"excerpt":{"rendered":"<p>Palacio de Miraflores, Caracas.- Paseo Balneario de Macuto, \u00edcono hist\u00f3rico del estado La Guaira, que forma parte del principal elemento econ\u00f3mico de la entidad, al contribuir con su crecimiento tur\u00edstico y financiero, as\u00ed lo resalt\u00f3 el alcalde del municipio Vargas, Jos\u00e9 Manuel Su\u00e1rez. Estas declaraciones fueron transmitidas durante el desarrollo del programa Con Maduro +, [&hellip;]<\/p>\n","protected":false},"author":1,"featured_media":15304,"comment_status":"open","ping_status":"open","sticky":false,"template":"","format":"standard","meta":{"footnotes":""},"categories":[18,7],"tags":[465,1124,1123],"class_list":["post-15303","post","type-post","status-publish","format-standard","has-post-thumbnail","hentry","category-noticias-principales","category-notas-de-prensa","tag-economia","tag-macuto","tag-paseo"],"_links":{"self":[{"href":"https:\/\/prensapresidencialvenezuela.gob.ve\/index.php\/wp-json\/wp\/v2\/posts\/15303","targetHints":{"allow":["GET"]}}],"collection":[{"href":"https:\/\/prensapresidencialvenezuela.gob.ve\/index.php\/wp-json\/wp\/v2\/posts"}],"about":[{"href":"https:\/\/prensapresidencialvenezuela.gob.ve\/index.php\/wp-json\/wp\/v2\/types\/post"}],"author":[{"embeddable":true,"href":"https:\/\/prensapresidencialvenezuela.gob.ve\/index.php\/wp-json\/wp\/v2\/users\/1"}],"replies":[{"embeddable":true,"href":"https:\/\/prensapresidencialvenezuela.gob.ve\/index.php\/wp-json\/wp\/v2\/comments?post=15303"}],"version-history":[{"count":1,"href":"https:\/\/prensapresidencialvenezuela.gob.ve\/index.php\/wp-json\/wp\/v2\/posts\/15303\/revisions"}],"predecessor-version":[{"id":15305,"href":"https:\/\/prensapresidencialvenezuela.gob.ve\/index.php\/wp-json\/wp\/v2\/posts\/15303\/revisions\/15305"}],"wp:featuredmedia":[{"embeddable":true,"href":"https:\/\/prensapresidencialvenezuela.gob.ve\/index.php\/wp-json\/wp\/v2\/media\/15304"}],"wp:attachment":[{"href":"https:\/\/prensapresidencialvenezuela.gob.ve\/index.php\/wp-json\/wp\/v2\/media?parent=15303"}],"wp:term":[{"taxonomy":"category","embeddable":true,"href":"https:\/\/prensapresidencialvenezuela.gob.ve\/index.php\/wp-json\/wp\/v2\/categories?post=15303"},{"taxonomy":"post_tag","embeddable":true,"href":"https:\/\/prensapresidencialvenezuela.gob.ve\/index.php\/wp-json\/wp\/v2\/tags?post=15303"}],"curies":[{"name":"wp","href":"https:\/\/api.w.org\/{rel}","templated":true}]}}