{"id":1531,"date":"2022-03-16T18:53:00","date_gmt":"2022-03-16T18:53:00","guid":{"rendered":"http:\/\/172.27.0.121\/?p=1531"},"modified":"2022-06-27T18:55:11","modified_gmt":"2022-06-27T18:55:11","slug":"gobierno-nacional-dinamiza-financiamiento-al-sector-agricola","status":"publish","type":"post","link":"https:\/\/prensapresidencialvenezuela.gob.ve\/index.php\/2022\/03\/16\/gobierno-nacional-dinamiza-financiamiento-al-sector-agricola\/","title":{"rendered":"Gobierno Nacional dinamiza financiamiento al sector agr\u00edcola"},"content":{"rendered":"\n<p><strong>Palacio de Miraflores, Caracas. \u2013<\/strong>&nbsp;El presidente de la Rep\u00fablica Bolivariana de Venezuela, Nicol\u00e1s Maduro, inst\u00f3 a dinamizar el financiamiento orientado al sector agr\u00edcola venezolano.<\/p>\n\n\n\n<p>Durante la jornada de trabajo desde el Complejo Frigor\u00edfico de Taz\u00f3n con los Comit\u00e9s Locales de Abastecimiento y Producci\u00f3n (CLAP) en su sexto aniversario, el Mandatario se refiri\u00f3 sobre la importancia de producir a todo nivel.<\/p>\n\n\n\n<p>\u201cTenemos que producir a todo nivel, \u00a1a aflojar la pl\u00e1tica!, que la plata llegue a quien los designa para financiar todo lo que se necesita para la producci\u00f3n, \u00a1que el financiamiento se mueva!, pidi\u00f3 el Dignatario venezolano.<\/p>\n\n\n\n<p>Inform\u00f3 que autoriz\u00f3 a la vicepresidenta Ejecutiva de la Rep\u00fablica, y ministra de Finanzas, Delcy Rodr\u00edguez, para elevar temas concernientes este jueves ante el Banco Central de Venezuela (BCV).<\/p>\n\n\n\n<p>\u201cDelcy Rodr\u00edguez (\u2026) estaba pidiendo autorizaci\u00f3n para unos temas llevarlos ma\u00f1ana, como ministra de Finanzas, se lo autoric\u00e9 porque necesitamos estar pendientes, mosca, al d\u00eda, en tiempo real\u201d, dijo el presidente Maduro.<\/p>\n\n\n\n<p>Insisti\u00f3: \u201cEl dinero de la cartera agr\u00edcola llegue en tiempo real, que lleguen los insumos, lleguen los fertilizantes\u201d, y que se promueva la expansi\u00f3n de la \u201cproducci\u00f3n, expandir el n\u00famero de hect\u00e1reas y ustedes los CLAP pueden hacer a\u00fan m\u00e1s, el super milagro de la producci\u00f3n urbana y rural de la producci\u00f3n agr\u00edcola en el pa\u00eds Los CLAP pueden ser el instrumento para el s\u00faper milagro de la s\u00faper producci\u00f3n\u201d, ahora cuando son m\u00e1s de 36 mil CLAP conformados a nivel nacional, y de los cuales el \u00a070 % \u00a0de quienes lo integran son mujeres.<\/p>\n\n\n\n<p><strong>Prensa Presidencial\/Ana\u00eds P\u00e9rez\u00a0<\/strong><\/p>\n","protected":false},"excerpt":{"rendered":"<p>Palacio de Miraflores, Caracas. \u2013&nbsp;El presidente de la Rep\u00fablica Bolivariana de Venezuela, Nicol\u00e1s Maduro, inst\u00f3 a dinamizar el financiamiento orientado al sector agr\u00edcola venezolano. Durante la jornada de trabajo desde el Complejo Frigor\u00edfico de Taz\u00f3n con los Comit\u00e9s Locales de Abastecimiento y Producci\u00f3n (CLAP) en su sexto aniversario, el Mandatario se refiri\u00f3 sobre la importancia [&hellip;]<\/p>\n","protected":false},"author":6,"featured_media":1532,"comment_status":"open","ping_status":"open","sticky":false,"template":"","format":"standard","meta":{"footnotes":""},"categories":[7],"tags":[],"class_list":["post-1531","post","type-post","status-publish","format-standard","has-post-thumbnail","hentry","category-notas-de-prensa"],"_links":{"self":[{"href":"https:\/\/prensapresidencialvenezuela.gob.ve\/index.php\/wp-json\/wp\/v2\/posts\/1531","targetHints":{"allow":["GET"]}}],"collection":[{"href":"https:\/\/prensapresidencialvenezuela.gob.ve\/index.php\/wp-json\/wp\/v2\/posts"}],"about":[{"href":"https:\/\/prensapresidencialvenezuela.gob.ve\/index.php\/wp-json\/wp\/v2\/types\/post"}],"author":[{"embeddable":true,"href":"https:\/\/prensapresidencialvenezuela.gob.ve\/index.php\/wp-json\/wp\/v2\/users\/6"}],"replies":[{"embeddable":true,"href":"https:\/\/prensapresidencialvenezuela.gob.ve\/index.php\/wp-json\/wp\/v2\/comments?post=1531"}],"version-history":[{"count":1,"href":"https:\/\/prensapresidencialvenezuela.gob.ve\/index.php\/wp-json\/wp\/v2\/posts\/1531\/revisions"}],"predecessor-version":[{"id":1533,"href":"https:\/\/prensapresidencialvenezuela.gob.ve\/index.php\/wp-json\/wp\/v2\/posts\/1531\/revisions\/1533"}],"wp:featuredmedia":[{"embeddable":true,"href":"https:\/\/prensapresidencialvenezuela.gob.ve\/index.php\/wp-json\/wp\/v2\/media\/1532"}],"wp:attachment":[{"href":"https:\/\/prensapresidencialvenezuela.gob.ve\/index.php\/wp-json\/wp\/v2\/media?parent=1531"}],"wp:term":[{"taxonomy":"category","embeddable":true,"href":"https:\/\/prensapresidencialvenezuela.gob.ve\/index.php\/wp-json\/wp\/v2\/categories?post=1531"},{"taxonomy":"post_tag","embeddable":true,"href":"https:\/\/prensapresidencialvenezuela.gob.ve\/index.php\/wp-json\/wp\/v2\/tags?post=1531"}],"curies":[{"name":"wp","href":"https:\/\/api.w.org\/{rel}","templated":true}]}}