{"id":1534,"date":"2022-03-16T18:55:00","date_gmt":"2022-03-16T18:55:00","guid":{"rendered":"http:\/\/172.27.0.121\/?p=1534"},"modified":"2022-06-27T18:56:47","modified_gmt":"2022-06-27T18:56:47","slug":"en-claves-17-mil-clap-presentaron-propuestas-al-presidente-maduro","status":"publish","type":"post","link":"https:\/\/prensapresidencialvenezuela.gob.ve\/index.php\/2022\/03\/16\/en-claves-17-mil-clap-presentaron-propuestas-al-presidente-maduro\/","title":{"rendered":"En Claves | 17 mil CLAP presentaron propuestas al presidente Maduro"},"content":{"rendered":"\n<p><strong>Caracas, Distrito Capital.-<\/strong> El presidente de la Rep\u00fablica, Nicol\u00e1s Maduro Moros, destac\u00f3 que m\u00e1s de 17 mil Comit\u00e9s Locales de Abastecimiento y Producci\u00f3n (CLAP) participaron en el II Congreso Bicentenario de los Pueblos Cap\u00edtulo CLAP, llevado a cabo bajo la modalidad de videoconferencia el pasado 9 de marzo.<\/p>\n\n\n\n<p>\u201cEsto es un Poder Popular, que lo sepa el mundo que Venezuela tiene un poderoso Poder Popular y por eso la Revoluci\u00f3n Bolivariana, fundada por nuestro Comandante Hugo Ch\u00e1vez, esta vivita y coleando\u201d, expres\u00f3 el Presidente.<\/p>\n\n\n\n<p>Durante la celebraci\u00f3n del sexto aniversario de los CLAP, el Mandatario Nacional instruy\u00f3 a la vicepresidente Ejecutiva, Delcy Rodr\u00edguez, dinamizar la cartera productiva en la banca p\u00fablica y privada \u201cpara que el dinero llegue a quienes producen\u201d.<\/p>\n\n\n\n<p>En esa l\u00ednea, orden\u00f3 al ministro del Poder Popular para las Comunas, Jorge Arreaza, impulsar peque\u00f1os y medianos proyectos que aporten a la producci\u00f3n agropecuaria del pa\u00eds con arrime directo a las comunidades, a trav\u00e9s de los mercados comunales.<\/p>\n\n\n\n<p>Promover la producci\u00f3n en cunicultura av\u00edcola, pisc\u00edcola, caprina, porcina y ganadera en espacios que sirvan de granjas-escuelas en el desarrollo de una cultura productiva de los CLAP, empleando como fuente de conocimiento al maestro-pueblo, tambi\u00e9n se enmarca dentro de las tareas prioritarias de los CLAP seg\u00fan puntualiz\u00f3 el Presidente.<\/p>\n\n\n\n<p>Maduro, indic\u00f3 que es necesario desarrollar los pilares del estado de bienestar social para la nueva etapa de la Revoluci\u00f3n, basados en:<\/p>\n\n\n\n<ul class=\"wp-block-list\"><li>Educaci\u00f3n.<\/li><li>Sistema de Salud P\u00fablica Eficiente<\/li><li>Producci\u00f3n agroalimentaria a peque\u00f1a y mediana escala con vinculaci\u00f3n directa a los CLAP.<\/li><li>Mejorar la gesti\u00f3n de servicios p\u00fablicos; para ello incluir las propuestas que se desprenden de los movimientos sociales.<\/li><\/ul>\n\n\n\n<p>Por otra parte, los CLAP han propuesto ante el presidente Nicol\u00e1s Maduro seis l\u00edneas estrat\u00e9gicas, dirigidas a mejorar la producci\u00f3n nacional y los servicios p\u00fablicos:<\/p>\n\n\n\n<ol class=\"wp-block-list\"><li>Implementaci\u00f3n de nuevos patrones de consumo nutricional que respondan a la producci\u00f3n nacional.<\/li><li>Establecer mecanismos que faciliten el control y distribuci\u00f3n alimentaria en el nivel m\u00e1s cercano al pueblo (Parroquias); creando los centros de producci\u00f3n, procesamiento, transformaci\u00f3n y distribuci\u00f3n en el territorio como un hecho de defensa integral que garantice el derecho del pueblo a la alimentaci\u00f3n.<\/li><li>Servicios de transporte p\u00fablico, que est\u00e9n al servicio del pueblo, con una administraci\u00f3n de car\u00e1cter mixta, donde el mayor accionista sea el Estado.<\/li><li>Evaluar las posibilidades para hacer un mejor uso del sistema de agua potable por gravedad.<\/li><li>Establecer horarios y sanciones para la recolecci\u00f3n de desechos s\u00f3lidos.<\/li><li>Elaborar un plan de alumbrado en calles y avenidas.<\/li><\/ol>\n\n\n\n<p>En materia de Derechos Humanos los CLAP han debatido y planteado los siguientes puntos:<\/p>\n\n\n\n<ol class=\"wp-block-list\"><li>Combatir y erradicar la pobreza.<\/li><li>Erradicar el hambre.<\/li><li>Garantizar una red m\u00e9dica de atenci\u00f3n que cuente con todos los servicios.<\/li><li>Generar y afianzar la medicina preventiva como una cultura para la vida.<\/li><li>Afianzar las metas establecidas en el Plan de la Patria en materia de DDHH que garanticen la mayor suma de felicidad posible.<\/li><li>Generar mecanismos que contribuyan a combatir la desigualdad que ha surgido en estos a\u00f1os de guerra econ\u00f3mica.<\/li><li>Impulsar la masificaci\u00f3n deportiva.<\/li><\/ol>\n\n\n\n<p><strong>Prensa Presidencial<\/strong><\/p>\n","protected":false},"excerpt":{"rendered":"<p>Caracas, Distrito Capital.- El presidente de la Rep\u00fablica, Nicol\u00e1s Maduro Moros, destac\u00f3 que m\u00e1s de 17 mil Comit\u00e9s Locales de Abastecimiento y Producci\u00f3n (CLAP) participaron en el II Congreso Bicentenario de los Pueblos Cap\u00edtulo CLAP, llevado a cabo bajo la modalidad de videoconferencia el pasado 9 de marzo. \u201cEsto es un Poder Popular, que lo [&hellip;]<\/p>\n","protected":false},"author":6,"featured_media":1535,"comment_status":"open","ping_status":"open","sticky":false,"template":"","format":"standard","meta":{"footnotes":""},"categories":[7],"tags":[],"class_list":["post-1534","post","type-post","status-publish","format-standard","has-post-thumbnail","hentry","category-notas-de-prensa"],"_links":{"self":[{"href":"https:\/\/prensapresidencialvenezuela.gob.ve\/index.php\/wp-json\/wp\/v2\/posts\/1534","targetHints":{"allow":["GET"]}}],"collection":[{"href":"https:\/\/prensapresidencialvenezuela.gob.ve\/index.php\/wp-json\/wp\/v2\/posts"}],"about":[{"href":"https:\/\/prensapresidencialvenezuela.gob.ve\/index.php\/wp-json\/wp\/v2\/types\/post"}],"author":[{"embeddable":true,"href":"https:\/\/prensapresidencialvenezuela.gob.ve\/index.php\/wp-json\/wp\/v2\/users\/6"}],"replies":[{"embeddable":true,"href":"https:\/\/prensapresidencialvenezuela.gob.ve\/index.php\/wp-json\/wp\/v2\/comments?post=1534"}],"version-history":[{"count":1,"href":"https:\/\/prensapresidencialvenezuela.gob.ve\/index.php\/wp-json\/wp\/v2\/posts\/1534\/revisions"}],"predecessor-version":[{"id":1536,"href":"https:\/\/prensapresidencialvenezuela.gob.ve\/index.php\/wp-json\/wp\/v2\/posts\/1534\/revisions\/1536"}],"wp:featuredmedia":[{"embeddable":true,"href":"https:\/\/prensapresidencialvenezuela.gob.ve\/index.php\/wp-json\/wp\/v2\/media\/1535"}],"wp:attachment":[{"href":"https:\/\/prensapresidencialvenezuela.gob.ve\/index.php\/wp-json\/wp\/v2\/media?parent=1534"}],"wp:term":[{"taxonomy":"category","embeddable":true,"href":"https:\/\/prensapresidencialvenezuela.gob.ve\/index.php\/wp-json\/wp\/v2\/categories?post=1534"},{"taxonomy":"post_tag","embeddable":true,"href":"https:\/\/prensapresidencialvenezuela.gob.ve\/index.php\/wp-json\/wp\/v2\/tags?post=1534"}],"curies":[{"name":"wp","href":"https:\/\/api.w.org\/{rel}","templated":true}]}}