{"id":15342,"date":"2024-12-04T19:48:18","date_gmt":"2024-12-04T23:48:18","guid":{"rendered":"https:\/\/prensapresidencialvenezuela.gob.ve\/?p=15342"},"modified":"2024-12-04T20:00:14","modified_gmt":"2024-12-05T00:00:14","slug":"venezuela-fortalece-su-lucha-por-la-verdad-a-traves-de-las-redes-sociales-y-medios-alternativos","status":"publish","type":"post","link":"https:\/\/prensapresidencialvenezuela.gob.ve\/index.php\/2024\/12\/04\/venezuela-fortalece-su-lucha-por-la-verdad-a-traves-de-las-redes-sociales-y-medios-alternativos\/","title":{"rendered":"Venezuela fortalece su lucha por la verdad a trav\u00e9s de las redes sociales y medios alternativos"},"content":{"rendered":"\n<p><a><\/a><strong>La Casona Cultural, Aquiles Nazoa, estado Miranda.-<\/strong> Durante una reuni\u00f3n de trabajo sostenida con la Comisi\u00f3n Electoral Nacional para la Elecci\u00f3n de los Jueces y las Juezas de Paz, el presidente de la Rep\u00fablica Bolivariana de Venezuela, Nicol\u00e1s Maduro, enfatiz\u00f3 la importancia de mantenerse activos y alerta en&nbsp; defensa de la Naci\u00f3n, especialmente a trav\u00e9s de las redes sociales.<\/p>\n\n\n\n<p>El Mandatario record\u00f3 la estrategia denominada \u201cCalles, Redes, Medios, Paredes y Radio Bemba\u201d, dirigida a movilizar a la poblaci\u00f3n en el \u00e1mbito comunicacional.<\/p>\n\n\n\n<p>\u201cQuienes son los due\u00f1os de las redes, son personas que est\u00e1n buscando el dominio del mundo, pero no contaban con nosotros, y se han encontrado a un pueblo brav\u00edo que les va a ganar la batalla de las redes sociales\u201d, resalt\u00f3 el presidente Maduro, al hacer un ferviente llamado a la participaci\u00f3n ciudadana en la esfera digital.<\/p>\n\n\n\n<p>El jefe de Estado subray\u00f3 la necesidad de fortalecer el uso de medios alternativos que defiendan la verdad de Venezuela.<\/p>\n\n\n\n<p>Enfatiz\u00f3 que el pa\u00eds debe actuar con unidad y determinaci\u00f3n ante la actual guerra comunicacional, raz\u00f3n por la que consider\u00f3 \u201cimprescindible que cada uno de nosotros se convierta en un defensor de la verdad, utilizando todas las herramientas a nuestro alcance\u201d.<\/p>\n\n\n\n<p>Este llamado se produce en el contexto del inicio de la campa\u00f1a electoral de los Jueces y Juezas de Paz en los 5 mil 297 Circuitos Comunales. <\/p>\n\n\n\n<p>En esta din\u00e1mica, el Presidente reiter\u00f3 la importancia de la participaci\u00f3n activa de la ciudadan\u00eda en estos procesos democr\u00e1ticos.<\/p>\n\n\n\n<p>Asimismo, el Gobierno Nacional avanza en su lucha contra la guerra comunicacional, con el prop\u00f3sito de romper el cerco de censura y desinformaci\u00f3n impuesto por los due\u00f1os de los medios de comunicaci\u00f3n y los laboratorios de guerra de las grandes corporaciones medi\u00e1ticas.<\/p>\n\n\n\n<p>\u201cDebemos luchar contra las grandes hegemon\u00edas corporativas que manejan los algoritmos en las redes sociales, para garantizar una comunicaci\u00f3n libre y veraz\u201d, concluy\u00f3 el presidente Maduro.<\/p>\n\n\n\n<p><strong>Prensa Presidencial \/ Luis Tavera<\/strong><\/p>\n","protected":false},"excerpt":{"rendered":"<p>La Casona Cultural, Aquiles Nazoa, estado Miranda.- Durante una reuni\u00f3n de trabajo sostenida con la Comisi\u00f3n Electoral Nacional para la Elecci\u00f3n de los Jueces y las Juezas de Paz, el presidente de la Rep\u00fablica Bolivariana de Venezuela, Nicol\u00e1s Maduro, enfatiz\u00f3 la importancia de mantenerse activos y alerta en&nbsp; defensa de la Naci\u00f3n, especialmente a trav\u00e9s [&hellip;]<\/p>\n","protected":false},"author":1,"featured_media":15343,"comment_status":"open","ping_status":"open","sticky":false,"template":"","format":"standard","meta":{"footnotes":""},"categories":[18,7],"tags":[967,733,719,730],"class_list":["post-15342","post","type-post","status-publish","format-standard","has-post-thumbnail","hentry","category-noticias-principales","category-notas-de-prensa","tag-fuerza","tag-lucha","tag-redes","tag-verdad"],"_links":{"self":[{"href":"https:\/\/prensapresidencialvenezuela.gob.ve\/index.php\/wp-json\/wp\/v2\/posts\/15342","targetHints":{"allow":["GET"]}}],"collection":[{"href":"https:\/\/prensapresidencialvenezuela.gob.ve\/index.php\/wp-json\/wp\/v2\/posts"}],"about":[{"href":"https:\/\/prensapresidencialvenezuela.gob.ve\/index.php\/wp-json\/wp\/v2\/types\/post"}],"author":[{"embeddable":true,"href":"https:\/\/prensapresidencialvenezuela.gob.ve\/index.php\/wp-json\/wp\/v2\/users\/1"}],"replies":[{"embeddable":true,"href":"https:\/\/prensapresidencialvenezuela.gob.ve\/index.php\/wp-json\/wp\/v2\/comments?post=15342"}],"version-history":[{"count":2,"href":"https:\/\/prensapresidencialvenezuela.gob.ve\/index.php\/wp-json\/wp\/v2\/posts\/15342\/revisions"}],"predecessor-version":[{"id":15347,"href":"https:\/\/prensapresidencialvenezuela.gob.ve\/index.php\/wp-json\/wp\/v2\/posts\/15342\/revisions\/15347"}],"wp:featuredmedia":[{"embeddable":true,"href":"https:\/\/prensapresidencialvenezuela.gob.ve\/index.php\/wp-json\/wp\/v2\/media\/15343"}],"wp:attachment":[{"href":"https:\/\/prensapresidencialvenezuela.gob.ve\/index.php\/wp-json\/wp\/v2\/media?parent=15342"}],"wp:term":[{"taxonomy":"category","embeddable":true,"href":"https:\/\/prensapresidencialvenezuela.gob.ve\/index.php\/wp-json\/wp\/v2\/categories?post=15342"},{"taxonomy":"post_tag","embeddable":true,"href":"https:\/\/prensapresidencialvenezuela.gob.ve\/index.php\/wp-json\/wp\/v2\/tags?post=15342"}],"curies":[{"name":"wp","href":"https:\/\/api.w.org\/{rel}","templated":true}]}}