{"id":15367,"date":"2024-12-05T11:15:00","date_gmt":"2024-12-05T15:15:00","guid":{"rendered":"https:\/\/prensapresidencialvenezuela.gob.ve\/?p=15367"},"modified":"2024-12-05T11:30:52","modified_gmt":"2024-12-05T15:30:52","slug":"presidente-maduro-estamos-construyendo-la-nueva-historia-con-la-eleccion-de-los-jueces-y-juezas-de-paz","status":"publish","type":"post","link":"https:\/\/prensapresidencialvenezuela.gob.ve\/index.php\/2024\/12\/05\/presidente-maduro-estamos-construyendo-la-nueva-historia-con-la-eleccion-de-los-jueces-y-juezas-de-paz\/","title":{"rendered":"Venezuela construye una nueva historia con la elecci\u00f3n de Jueces y Juezas de Paz"},"content":{"rendered":"\n<p><strong>La Casona Cultural Aquiles Nazoa, estado Miranda.- <\/strong>El presidente de la Rep\u00fablica Bolivariana de Venezuela, Nicol\u00e1s Maduro, durante la reuni\u00f3n de Trabajo con la Comisi\u00f3n Electoral Nacional, para la elecci\u00f3n de los Jueces y Juezas de Paz, tras referirse a las pr\u00f3ximas elecciones que se celebrar\u00e1n el 15 de diciembre,  subray\u00f3 que se est\u00e1 construyendo la nueva historia, un hecho in\u00e9dito, nunca antes realizado en el pa\u00eds, gracias a la Carta Magna. con las venideras elecciones del pr\u00f3ximo 15 de diciembre, <\/p>\n\n\n\n<p>\u201cEs un proceso bonito estamos construyendo la nueva historia (\u2026) Esto jam\u00e1s existi\u00f3 en Venezuela. (\u2026) La elecci\u00f3n de Jueces y Juezas de Paz, es un hecho hist\u00f3rico en Venezuela, gracias a nuestra Constituci\u00f3n. Lo hemos hecho posible porque ha triunfado la paz\u201d, detall\u00f3.<\/p>\n\n\n\n<p>En este sentido, el Mandatario Nacional enfatiz\u00f3 que \u201cCuando uno tiene victorias como las que hemos tenido este a\u00f1o, hay que acelerar los procesos de cambio, de transformaci\u00f3n\u00bb, al referirse que no se debe caer en triunfalismo por las victorias electorales conquistadas por la Revoluci\u00f3n Bolivariana, sino para que se debe \u00abprofundizar y acelerar la revoluci\u00f3n\u00bb.<\/p>\n\n\n\n<p>Asimismo , el Jefe de Estado record\u00f3 cuando le solicit\u00f3 a la Asamblea Nacional \u00abacelerar el proceso de consulta, debate y aprobaci\u00f3n de la Ley [Org\u00e1nica de Paz Comunal]\u00bb, una vez que fue aprobada y publicada en Gaceta Oficial, destac\u00f3 que \u00abno qued\u00f3 en letra muerta\u00bb, sino que fue impulsada para \u00abinvocar y evocar la consciencia maravillosa del pueblo\u00bb.<\/p>\n\n\n\n<p>Por otra parte, el Dignatario enfatiz\u00f3 que si hubiese persistido la violencia y terrorismo por parte de los comanditos, liderados por la oposici\u00f3n, posterior a la elecci\u00f3n presidencial del 28 de julio, no hubiese reinado la paz, en este sentido, agradeci\u00f3 la actuaci\u00f3n oportuna de la uni\u00f3n c\u00edvico-militar-policial.<\/p>\n\n\n\n<p>El Mandatario venezolano, resalt\u00f3 que la Patria Bolivariana se prepara para las nuevas elecciones de Jueces y Juezas de Paz, pautadas para el pr\u00f3ximo 15 de diciembre, proceso que ratifica la democracia de la justicia comunal en el territorio junto al Poder Popular Organizado.<\/p>\n\n\n\n<p><strong>Prensa presidencial\/ Geraldine Quintero<\/strong><\/p>\n","protected":false},"excerpt":{"rendered":"<p>La Casona Cultural Aquiles Nazoa, estado Miranda.- El presidente de la Rep\u00fablica Bolivariana de Venezuela, Nicol\u00e1s Maduro, durante la reuni\u00f3n de Trabajo con la Comisi\u00f3n Electoral Nacional, para la elecci\u00f3n de los Jueces y Juezas de Paz, tras referirse a las pr\u00f3ximas elecciones que se celebrar\u00e1n el 15 de diciembre, subray\u00f3 que se est\u00e1 construyendo [&hellip;]<\/p>\n","protected":false},"author":1,"featured_media":15375,"comment_status":"open","ping_status":"open","sticky":false,"template":"","format":"standard","meta":{"footnotes":""},"categories":[18,7],"tags":[30,38,19,451,20],"class_list":["post-15367","post","type-post","status-publish","format-standard","has-post-thumbnail","hentry","category-noticias-principales","category-notas-de-prensa","tag-destacado","tag-diplomacia-bolivariana-de-paz","tag-nicolas-maduro","tag-pueblo","tag-venezuela"],"_links":{"self":[{"href":"https:\/\/prensapresidencialvenezuela.gob.ve\/index.php\/wp-json\/wp\/v2\/posts\/15367","targetHints":{"allow":["GET"]}}],"collection":[{"href":"https:\/\/prensapresidencialvenezuela.gob.ve\/index.php\/wp-json\/wp\/v2\/posts"}],"about":[{"href":"https:\/\/prensapresidencialvenezuela.gob.ve\/index.php\/wp-json\/wp\/v2\/types\/post"}],"author":[{"embeddable":true,"href":"https:\/\/prensapresidencialvenezuela.gob.ve\/index.php\/wp-json\/wp\/v2\/users\/1"}],"replies":[{"embeddable":true,"href":"https:\/\/prensapresidencialvenezuela.gob.ve\/index.php\/wp-json\/wp\/v2\/comments?post=15367"}],"version-history":[{"count":3,"href":"https:\/\/prensapresidencialvenezuela.gob.ve\/index.php\/wp-json\/wp\/v2\/posts\/15367\/revisions"}],"predecessor-version":[{"id":15376,"href":"https:\/\/prensapresidencialvenezuela.gob.ve\/index.php\/wp-json\/wp\/v2\/posts\/15367\/revisions\/15376"}],"wp:featuredmedia":[{"embeddable":true,"href":"https:\/\/prensapresidencialvenezuela.gob.ve\/index.php\/wp-json\/wp\/v2\/media\/15375"}],"wp:attachment":[{"href":"https:\/\/prensapresidencialvenezuela.gob.ve\/index.php\/wp-json\/wp\/v2\/media?parent=15367"}],"wp:term":[{"taxonomy":"category","embeddable":true,"href":"https:\/\/prensapresidencialvenezuela.gob.ve\/index.php\/wp-json\/wp\/v2\/categories?post=15367"},{"taxonomy":"post_tag","embeddable":true,"href":"https:\/\/prensapresidencialvenezuela.gob.ve\/index.php\/wp-json\/wp\/v2\/tags?post=15367"}],"curies":[{"name":"wp","href":"https:\/\/api.w.org\/{rel}","templated":true}]}}