{"id":1537,"date":"2022-03-16T18:57:00","date_gmt":"2022-03-16T18:57:00","guid":{"rendered":"http:\/\/172.27.0.121\/?p=1537"},"modified":"2022-06-27T18:58:37","modified_gmt":"2022-06-27T18:58:37","slug":"3r-nets-orientan-la-revision-de-los-procesos-de-produccion-y-distribucion-de-alimentos","status":"publish","type":"post","link":"https:\/\/prensapresidencialvenezuela.gob.ve\/index.php\/2022\/03\/16\/3r-nets-orientan-la-revision-de-los-procesos-de-produccion-y-distribucion-de-alimentos\/","title":{"rendered":"3R.Nets orientan la revisi\u00f3n de los procesos de producci\u00f3n y distribuci\u00f3n de alimentos"},"content":{"rendered":"\n<p><strong>Palacio de Miraflores, Caracas. \u2013<\/strong>&nbsp;En el contexto de las 3R. Nets ser\u00e1n revisados a profundidad todos los procesos de producci\u00f3n, abastecimiento y distribuci\u00f3n de alimentos del pueblo venezolano, destac\u00f3 el ministro del Poder Popular para Alimentaci\u00f3n, Carlos Leal Teller\u00eda.<\/p>\n\n\n\n<p>Durante la conmemoraci\u00f3n de los 6 a\u00f1os de la creaci\u00f3n de los CLAP, desde el centro de recepci\u00f3n y distribuci\u00f3n de carne, pollo y el pescado que llega a la Regi\u00f3n Capital, ubicado en Taz\u00f3n, estado Miranda, el jefe de la cartera ministerial manifest\u00f3 que en esta acci\u00f3n los Comit\u00e9s Locales de Abastecimiento y Producci\u00f3n tienen un rol esencial (hoy son 36 mil 614 Clap que asisten a todas las comunidades en el pa\u00eds).<\/p>\n\n\n\n<p>Leal Teller\u00eda se\u00f1al\u00f3 que los Comit\u00e9s Locales de Abastecimiento y Producci\u00f3n han sido sin\u00f3nimo de resistencia victoriosa frente a las distorsiones capitalistas que generaron relativos desabastecimientos.<\/p>\n\n\n\n<p>En cuanto a los logros, a seis a\u00f1os del nacimiento de los Clap, el ministro valor\u00f3 que \u201chan logrado una capacidad log\u00edstica de distribuci\u00f3n de alimentos para llegar a m\u00e1s de 7 millones 500 mil familias todos los meses\u201d, y que estos se \u201chan expandido en el territorio nacional\u201d.<\/p>\n\n\n\n<p>En ese sentido, se alcanz\u00f3, sobre la base de la Gran Misi\u00f3n AgroVenezuela superar \u201cel impacto negativo que gener\u00f3 que el pa\u00eds no pudiera importar los alimentos que requiere. M\u00e1s del 90% de la materia prima, los alimentos que necesit\u00e1bamos, el bloqueo, la guerra econ\u00f3mica, hizo que tuvi\u00e9ramos que buscar alternativas\u201d, precis\u00f3 que a ra\u00edz de esa situaci\u00f3n surgi\u00f3 la Gran Misi\u00f3n Agro Venezuela.<\/p>\n\n\n\n<p>Asimismo, destac\u00f3 Leal Teller\u00eda que \u201cde las fuerzas productivas de los campesinos, campesinas, productores, pescadores, peque\u00f1os y agro urbanos, logramos incorporar a nuestros combos Clap el 91 % de los alimentos de la producci\u00f3n nacional\u201d.<\/p>\n\n\n\n<p><strong>Prensa Presidencial\/Ana\u00eds P\u00e9rez\u00a0<\/strong><\/p>\n","protected":false},"excerpt":{"rendered":"<p>Palacio de Miraflores, Caracas. \u2013&nbsp;En el contexto de las 3R. Nets ser\u00e1n revisados a profundidad todos los procesos de producci\u00f3n, abastecimiento y distribuci\u00f3n de alimentos del pueblo venezolano, destac\u00f3 el ministro del Poder Popular para Alimentaci\u00f3n, Carlos Leal Teller\u00eda. Durante la conmemoraci\u00f3n de los 6 a\u00f1os de la creaci\u00f3n de los CLAP, desde el centro [&hellip;]<\/p>\n","protected":false},"author":6,"featured_media":1538,"comment_status":"open","ping_status":"open","sticky":false,"template":"","format":"standard","meta":{"footnotes":""},"categories":[7],"tags":[],"class_list":["post-1537","post","type-post","status-publish","format-standard","has-post-thumbnail","hentry","category-notas-de-prensa"],"_links":{"self":[{"href":"https:\/\/prensapresidencialvenezuela.gob.ve\/index.php\/wp-json\/wp\/v2\/posts\/1537","targetHints":{"allow":["GET"]}}],"collection":[{"href":"https:\/\/prensapresidencialvenezuela.gob.ve\/index.php\/wp-json\/wp\/v2\/posts"}],"about":[{"href":"https:\/\/prensapresidencialvenezuela.gob.ve\/index.php\/wp-json\/wp\/v2\/types\/post"}],"author":[{"embeddable":true,"href":"https:\/\/prensapresidencialvenezuela.gob.ve\/index.php\/wp-json\/wp\/v2\/users\/6"}],"replies":[{"embeddable":true,"href":"https:\/\/prensapresidencialvenezuela.gob.ve\/index.php\/wp-json\/wp\/v2\/comments?post=1537"}],"version-history":[{"count":1,"href":"https:\/\/prensapresidencialvenezuela.gob.ve\/index.php\/wp-json\/wp\/v2\/posts\/1537\/revisions"}],"predecessor-version":[{"id":1539,"href":"https:\/\/prensapresidencialvenezuela.gob.ve\/index.php\/wp-json\/wp\/v2\/posts\/1537\/revisions\/1539"}],"wp:featuredmedia":[{"embeddable":true,"href":"https:\/\/prensapresidencialvenezuela.gob.ve\/index.php\/wp-json\/wp\/v2\/media\/1538"}],"wp:attachment":[{"href":"https:\/\/prensapresidencialvenezuela.gob.ve\/index.php\/wp-json\/wp\/v2\/media?parent=1537"}],"wp:term":[{"taxonomy":"category","embeddable":true,"href":"https:\/\/prensapresidencialvenezuela.gob.ve\/index.php\/wp-json\/wp\/v2\/categories?post=1537"},{"taxonomy":"post_tag","embeddable":true,"href":"https:\/\/prensapresidencialvenezuela.gob.ve\/index.php\/wp-json\/wp\/v2\/tags?post=1537"}],"curies":[{"name":"wp","href":"https:\/\/api.w.org\/{rel}","templated":true}]}}