{"id":15380,"date":"2024-12-05T18:36:03","date_gmt":"2024-12-05T22:36:03","guid":{"rendered":"https:\/\/prensapresidencialvenezuela.gob.ve\/?p=15380"},"modified":"2024-12-05T18:36:05","modified_gmt":"2024-12-05T22:36:05","slug":"presidente-maduro-aprobo-presupuesto-para-el-ano-2025","status":"publish","type":"post","link":"https:\/\/prensapresidencialvenezuela.gob.ve\/index.php\/2024\/12\/05\/presidente-maduro-aprobo-presupuesto-para-el-ano-2025\/","title":{"rendered":"Presidente Maduro aprob\u00f3 presupuesto para el a\u00f1o 2025\u00a0\u00a0"},"content":{"rendered":"\n<p><strong>Palacio de Miraflores, Caracas.-<\/strong>Durante su programa <strong><em>Con Maduro Live De Repente<\/em><\/strong>, el presidente de la Rep\u00fablica Bolivariana de Venezuela, Nicol\u00e1s Maduro Moros, aprob\u00f3 el presupuesto para el a\u00f1o 2025, resaltando que \u00abpor primera vez estar\u00e1 totalmente orientado a la inversi\u00f3n social y comunal\u00bb.<\/p>\n\n\n\n<p>\u00abEs ley de la Naci\u00f3n y me debe llegar a las manos para firmarlo en uso de mis facultades constitucionales y el pa\u00eds tiene, como debe ser, su presupuesto 2025\u00bb, enfatiz\u00f3 el Mandatario.<\/p>\n\n\n\n<p>El jefe de Estado detall\u00f3 que est\u00e1n creando el Fondo de la Cartera Comunal para la inversi\u00f3n social y comunal, por lo que estim\u00f3 que en el Fondo de la Cartera Comunal se tiene una meta de 600 millones de d\u00f3lares (su equivalente en Bs.), para proyectos de las comunidades, y adicional, 200 millones de d\u00f3lares listos por el Consejo Federal de Gobierno.<\/p>\n\n\n\n<p>Asimismo, resalt\u00f3 que en el a\u00f1o 2025 se realizar\u00e1n cuatro consultas que podr\u00edan estar ejecut\u00e1ndose para finales del mes de enero, aunque no se tiene la fecha exacta de la primera consulta.<\/p>\n\n\n\n<p>\u00abEl a\u00f1o 2025 va a ser el a\u00f1o del <strong>Big<\/strong><strong>&nbsp;Bang <\/strong>de la inversi\u00f3n territorial, comunal, en las necesidades directas del pueblo; combinando el debate, la consulta, la democracia directa, el <strong>1&#215;10<\/strong> y los recursos del pa\u00eds, presupuestados directos a la comuna\u00bb, enfatiz\u00f3 el Presidente Maduro.<\/p>\n\n\n\n<p>Mientras que eljefe de gobierno de Distrito Capital, Nahum Fern\u00e1ndez, se\u00f1al\u00f3 que esta es una transformaci\u00f3n extraordinaria, \u00abpor lo que ocurrir\u00e1 en el 2025, de cara a lo que son las 7T\u00bb; y aunado a ello, asever\u00f3 que los Consejos Comunales saben que el 70% del presupuesto es de las comunas.<\/p>\n\n\n\n<p>\u00abSe cambi\u00f3 el \u00e1mbito presupuestario, es una transformaci\u00f3n del Estado, pol\u00edtica, cultural, adem\u00e1s de una transformaci\u00f3n econ\u00f3mica importante\u00bb, acentu\u00f3 el jefe de gobierno de Distrito Capital.<\/p>\n\n\n\n<p><strong>Prensa Presidencial\/Irmary D\u00edaz<a><\/a><\/strong><\/p>\n","protected":false},"excerpt":{"rendered":"<p>Palacio de Miraflores, Caracas.-Durante su programa Con Maduro Live De Repente, el presidente de la Rep\u00fablica Bolivariana de Venezuela, Nicol\u00e1s Maduro Moros, aprob\u00f3 el presupuesto para el a\u00f1o 2025, resaltando que \u00abpor primera vez estar\u00e1 totalmente orientado a la inversi\u00f3n social y comunal\u00bb. \u00abEs ley de la Naci\u00f3n y me debe llegar a las manos [&hellip;]<\/p>\n","protected":false},"author":1,"featured_media":15381,"comment_status":"open","ping_status":"open","sticky":false,"template":"","format":"standard","meta":{"footnotes":""},"categories":[18,7],"tags":[87,796,451,960],"class_list":["post-15380","post","type-post","status-publish","format-standard","has-post-thumbnail","hentry","category-noticias-principales","category-notas-de-prensa","tag-inversion","tag-presupuesto","tag-pueblo","tag-social"],"_links":{"self":[{"href":"https:\/\/prensapresidencialvenezuela.gob.ve\/index.php\/wp-json\/wp\/v2\/posts\/15380","targetHints":{"allow":["GET"]}}],"collection":[{"href":"https:\/\/prensapresidencialvenezuela.gob.ve\/index.php\/wp-json\/wp\/v2\/posts"}],"about":[{"href":"https:\/\/prensapresidencialvenezuela.gob.ve\/index.php\/wp-json\/wp\/v2\/types\/post"}],"author":[{"embeddable":true,"href":"https:\/\/prensapresidencialvenezuela.gob.ve\/index.php\/wp-json\/wp\/v2\/users\/1"}],"replies":[{"embeddable":true,"href":"https:\/\/prensapresidencialvenezuela.gob.ve\/index.php\/wp-json\/wp\/v2\/comments?post=15380"}],"version-history":[{"count":1,"href":"https:\/\/prensapresidencialvenezuela.gob.ve\/index.php\/wp-json\/wp\/v2\/posts\/15380\/revisions"}],"predecessor-version":[{"id":15382,"href":"https:\/\/prensapresidencialvenezuela.gob.ve\/index.php\/wp-json\/wp\/v2\/posts\/15380\/revisions\/15382"}],"wp:featuredmedia":[{"embeddable":true,"href":"https:\/\/prensapresidencialvenezuela.gob.ve\/index.php\/wp-json\/wp\/v2\/media\/15381"}],"wp:attachment":[{"href":"https:\/\/prensapresidencialvenezuela.gob.ve\/index.php\/wp-json\/wp\/v2\/media?parent=15380"}],"wp:term":[{"taxonomy":"category","embeddable":true,"href":"https:\/\/prensapresidencialvenezuela.gob.ve\/index.php\/wp-json\/wp\/v2\/categories?post=15380"},{"taxonomy":"post_tag","embeddable":true,"href":"https:\/\/prensapresidencialvenezuela.gob.ve\/index.php\/wp-json\/wp\/v2\/tags?post=15380"}],"curies":[{"name":"wp","href":"https:\/\/api.w.org\/{rel}","templated":true}]}}