{"id":15386,"date":"2024-12-05T19:49:03","date_gmt":"2024-12-05T23:49:03","guid":{"rendered":"https:\/\/prensapresidencialvenezuela.gob.ve\/?p=15386"},"modified":"2024-12-05T19:49:04","modified_gmt":"2024-12-05T23:49:04","slug":"presidente-maduro-alerta-a-la-caricom-sobre-planes-del-comando-sur","status":"publish","type":"post","link":"https:\/\/prensapresidencialvenezuela.gob.ve\/index.php\/2024\/12\/05\/presidente-maduro-alerta-a-la-caricom-sobre-planes-del-comando-sur\/","title":{"rendered":"Presidente Maduro alerta a la CARICOM sobre planes del Comando Sur"},"content":{"rendered":"\n<p><strong>Palacio de Miraflores, Caracas.-<\/strong> El presidente de la Rep\u00fablica Bolivariana de Venezuela, Nicol\u00e1s Maduro, alert\u00f3 a la Comunidad del Caribe (CARICOM) sobre las acciones de provocaci\u00f3n que hace el presidente guyan\u00e9s Irfaan Ali junto al Comando Sur de los Estados Unidos.<\/p>\n\n\n\n<p>\u201cAlerta CARICOM, alerta, alerta que ah\u00ed est\u00e1 el Comando Sur provocando a nuestra regi\u00f3n y aqu\u00ed est\u00e1 Venezuela presta, lista y bien plantada para defender sus derechos hist\u00f3ricos\u201d, denunci\u00f3.<\/p>\n\n\n\n<p>Durante la transmisi\u00f3n de su programa \u201cCon Maduro Live de Repente\u201d, el Jefe de Estado detall\u00f3 que el presidente guyan\u00e9s se reuni\u00f3 con el nuevo jefe del Comando Sur, Alvin Holsey.<\/p>\n\n\n\n<p>El presidente Maduro expres\u00f3 su firme posici\u00f3n por lo que considera un intento de intimidaci\u00f3n hacia Venezuela, al afirmar: \u201cEllos creen que pueden atemorizar a Venezuela\u201d.<\/p>\n\n\n\n<p>En este sentido, reiter\u00f3 su llamado a los primeros ministros del CARICOM, advirtiendo sobre la situaci\u00f3n en Guyana.<\/p>\n\n\n\n<p>\u201cPendiente con la otrora Rep\u00fablica Cooperativa de Guyana, que yo creo que su historia de Rep\u00fablica Cooperativa la traicion\u00f3 Irfan Ali, ahorita ser\u00e1 la colonia de la ExxonMobil de Guyana y act\u00faa como colonia en lo econ\u00f3mico y lo pol\u00edtico, en todo manda la ExxonMobil\u201d, describi\u00f3.<\/p>\n\n\n\n<p>El Mandatario venezolano puntualiz\u00f3 que esta acci\u00f3n del gobernante guyan\u00e9s es vergonzosa pues \u201cno se mueve nada si no tiene la orden de la ExxonMobil\u201d.<\/p>\n\n\n\n<p>\u201cVerdaderamente es muy vergonzoso, muy vergonzoso para la dignidad de los pueblos del Caribe\u201d, agreg\u00f3.<\/p>\n\n\n\n<p>Asimismo, cuestion\u00f3 qui\u00e9n ejerce el verdadero poder militar en Guyana, pregunt\u00e1ndose: \u201c\u00bfQui\u00e9n es el provocador? \u00bfQui\u00e9n es el violador? \u00bfQui\u00e9n es el entreguista que se arrastra a los intereses militaristas del imperio norteamericano?\u201d.<\/p>\n\n\n\n<p>Al respecto, subray\u00f3 que en Venezuela \u201cmandamos los venezolanos, las venezolanas, nuestra gloriosa y heroica Fuerza Armada Nacional Bolivariana\u201d.<\/p>\n\n\n\n<p><strong>Prensa Presidencial \/ Eduardo Hueck<\/strong><\/p>\n","protected":false},"excerpt":{"rendered":"<p>Palacio de Miraflores, Caracas.- El presidente de la Rep\u00fablica Bolivariana de Venezuela, Nicol\u00e1s Maduro, alert\u00f3 a la Comunidad del Caribe (CARICOM) sobre las acciones de provocaci\u00f3n que hace el presidente guyan\u00e9s Irfaan Ali junto al Comando Sur de los Estados Unidos. \u201cAlerta CARICOM, alerta, alerta que ah\u00ed est\u00e1 el Comando Sur provocando a nuestra regi\u00f3n [&hellip;]<\/p>\n","protected":false},"author":1,"featured_media":15387,"comment_status":"open","ping_status":"open","sticky":false,"template":"","format":"standard","meta":{"footnotes":""},"categories":[18,7],"tags":[471,1133,581],"class_list":["post-15386","post","type-post","status-publish","format-standard","has-post-thumbnail","hentry","category-noticias-principales","category-notas-de-prensa","tag-alerta","tag-caricom","tag-region"],"_links":{"self":[{"href":"https:\/\/prensapresidencialvenezuela.gob.ve\/index.php\/wp-json\/wp\/v2\/posts\/15386","targetHints":{"allow":["GET"]}}],"collection":[{"href":"https:\/\/prensapresidencialvenezuela.gob.ve\/index.php\/wp-json\/wp\/v2\/posts"}],"about":[{"href":"https:\/\/prensapresidencialvenezuela.gob.ve\/index.php\/wp-json\/wp\/v2\/types\/post"}],"author":[{"embeddable":true,"href":"https:\/\/prensapresidencialvenezuela.gob.ve\/index.php\/wp-json\/wp\/v2\/users\/1"}],"replies":[{"embeddable":true,"href":"https:\/\/prensapresidencialvenezuela.gob.ve\/index.php\/wp-json\/wp\/v2\/comments?post=15386"}],"version-history":[{"count":1,"href":"https:\/\/prensapresidencialvenezuela.gob.ve\/index.php\/wp-json\/wp\/v2\/posts\/15386\/revisions"}],"predecessor-version":[{"id":15388,"href":"https:\/\/prensapresidencialvenezuela.gob.ve\/index.php\/wp-json\/wp\/v2\/posts\/15386\/revisions\/15388"}],"wp:featuredmedia":[{"embeddable":true,"href":"https:\/\/prensapresidencialvenezuela.gob.ve\/index.php\/wp-json\/wp\/v2\/media\/15387"}],"wp:attachment":[{"href":"https:\/\/prensapresidencialvenezuela.gob.ve\/index.php\/wp-json\/wp\/v2\/media?parent=15386"}],"wp:term":[{"taxonomy":"category","embeddable":true,"href":"https:\/\/prensapresidencialvenezuela.gob.ve\/index.php\/wp-json\/wp\/v2\/categories?post=15386"},{"taxonomy":"post_tag","embeddable":true,"href":"https:\/\/prensapresidencialvenezuela.gob.ve\/index.php\/wp-json\/wp\/v2\/tags?post=15386"}],"curies":[{"name":"wp","href":"https:\/\/api.w.org\/{rel}","templated":true}]}}