{"id":15389,"date":"2024-12-05T20:03:10","date_gmt":"2024-12-06T00:03:10","guid":{"rendered":"https:\/\/prensapresidencialvenezuela.gob.ve\/?p=15389"},"modified":"2024-12-06T15:30:48","modified_gmt":"2024-12-06T19:30:48","slug":"batalla-de-ayacucho-200-anos-de-historia-y-resiliencia","status":"publish","type":"post","link":"https:\/\/prensapresidencialvenezuela.gob.ve\/index.php\/2024\/12\/05\/batalla-de-ayacucho-200-anos-de-historia-y-resiliencia\/","title":{"rendered":"Batalla de Ayacucho: 200 a\u00f1os de historia y resiliencia"},"content":{"rendered":"\n<p><strong>Palacio de Miraflores, Caracas.<\/strong>&#8211; En un resonante llamado a la reflexi\u00f3n hist\u00f3rica y la unidad, el presidente de la Rep\u00fablica Bolivariana de Venezuela, Nicol\u00e1s Maduro, se pronunci\u00f3 acerca de la conmemoraci\u00f3n del bicentenario de la batalla de Ayacucho, a celebrarse el pr\u00f3ximo 9 de diciembre de 2024, durante la transmisi\u00f3n de su programa digital, <em>Con Maduro Live de Repente.<\/em><\/p>\n\n\n\n<p>\u00abA los 200 a\u00f1os de la batalla de Ayacucho, debemos comprender ahora la importancia de estos acontecimientos. Es una historia grandiosa que forj\u00f3 el destino de nuestra Am\u00e9rica Latina\u00bb, expres\u00f3 el Mandatario venezolano.<\/p>\n\n\n\n<p>Durante su alocuci\u00f3n, el Dignatario enfatiz\u00f3 que los Ej\u00e9rcitos Patriotas de la \u00e9poca lucharon codo a codo con los pr\u00f3ceres Sim\u00f3n Bol\u00edvar y Antonio Jos\u00e9 de Sucre por la emancipaci\u00f3n de Am\u00e9rica Latina del dominio espa\u00f1ol. \u00abNuestros ej\u00e9rcitos se unieron en una gesta que es fundamental recordar en este tiempo\u00bb, subray\u00f3.<\/p>\n\n\n\n<p>En este contexto, el ministro del Poder Popular para la Defensa, general en jefe Vladimir Padrino L\u00f3pez, quien destac\u00f3 que esta fecha simb\u00f3lica impulsa el \u00abesp\u00edritu permanente de lucha y conciencia patria, record\u00e1ndonos mirar hacia el futuro y no desmayar ante las adversidades\u00bb. Padrino L\u00f3pez se refiri\u00f3 a los innumerables desaf\u00edos que enfrent\u00f3 el Libertador Sim\u00f3n Bol\u00edvar en su camino hacia el triunfo, resaltando que es fundamental ser no solo herederos de esas glorias, sino tambi\u00e9n creadores de las nuestras.<\/p>\n\n\n\n<p>\u00abHoy, 200 a\u00f1os despu\u00e9s, el imperialismo contin\u00faa acechando con el objetivo de dividir nuestras fuerzas militares y socavar la moral del pueblo venezolano, desvaneciendo su conocimiento hist\u00f3rico\u00bb, advirti\u00f3 el presidente Maduro.<\/p>\n\n\n\n<p>Agreg\u00f3 que \u00abel Libertador enfrent\u00f3 un sistema colonial que parec\u00eda invencible para su \u00e9poca, pero con esfuerzo logr\u00f3 construir las bases para una victoria que a\u00fan nos inspira\u00bb.<\/p>\n\n\n\n<p>EL Mandatario concluy\u00f3 su discurso reiterando la importancia de la lucha de ideas y su compromiso con la paz.<\/p>\n\n\n\n<p>\u00abEn esta nueva sociedad, nos corresponde el combate de las ideas, de la pol\u00edtica y de la comunicaci\u00f3n. Ojal\u00e1 no tengamos que recurrir al combate armado, pero estamos siempre preparados para defender con la verdad la Constituci\u00f3n y el derecho a la independencia. Hay millones de hombres y mujeres dispuestos a resguardar nuestras fronteras y mantener la soberan\u00eda de la Rep\u00fablica\u00bb, finaliz\u00f3 el Presidente.<\/p>\n\n\n\n<p><strong>Prensa Presiden<a><\/a>cial \/ Luis Tavera<\/strong><\/p>\n","protected":false},"excerpt":{"rendered":"<p>Palacio de Miraflores, Caracas.&#8211; En un resonante llamado a la reflexi\u00f3n hist\u00f3rica y la unidad, el presidente de la Rep\u00fablica Bolivariana de Venezuela, Nicol\u00e1s Maduro, se pronunci\u00f3 acerca de la conmemoraci\u00f3n del bicentenario de la batalla de Ayacucho, a celebrarse el pr\u00f3ximo 9 de diciembre de 2024, durante la transmisi\u00f3n de su programa digital, Con [&hellip;]<\/p>\n","protected":false},"author":1,"featured_media":15390,"comment_status":"open","ping_status":"open","sticky":false,"template":"","format":"standard","meta":{"footnotes":""},"categories":[18,7],"tags":[971,685],"class_list":["post-15389","post","type-post","status-publish","format-standard","has-post-thumbnail","hentry","category-noticias-principales","category-notas-de-prensa","tag-ayacucho","tag-batalla"],"_links":{"self":[{"href":"https:\/\/prensapresidencialvenezuela.gob.ve\/index.php\/wp-json\/wp\/v2\/posts\/15389","targetHints":{"allow":["GET"]}}],"collection":[{"href":"https:\/\/prensapresidencialvenezuela.gob.ve\/index.php\/wp-json\/wp\/v2\/posts"}],"about":[{"href":"https:\/\/prensapresidencialvenezuela.gob.ve\/index.php\/wp-json\/wp\/v2\/types\/post"}],"author":[{"embeddable":true,"href":"https:\/\/prensapresidencialvenezuela.gob.ve\/index.php\/wp-json\/wp\/v2\/users\/1"}],"replies":[{"embeddable":true,"href":"https:\/\/prensapresidencialvenezuela.gob.ve\/index.php\/wp-json\/wp\/v2\/comments?post=15389"}],"version-history":[{"count":2,"href":"https:\/\/prensapresidencialvenezuela.gob.ve\/index.php\/wp-json\/wp\/v2\/posts\/15389\/revisions"}],"predecessor-version":[{"id":15420,"href":"https:\/\/prensapresidencialvenezuela.gob.ve\/index.php\/wp-json\/wp\/v2\/posts\/15389\/revisions\/15420"}],"wp:featuredmedia":[{"embeddable":true,"href":"https:\/\/prensapresidencialvenezuela.gob.ve\/index.php\/wp-json\/wp\/v2\/media\/15390"}],"wp:attachment":[{"href":"https:\/\/prensapresidencialvenezuela.gob.ve\/index.php\/wp-json\/wp\/v2\/media?parent=15389"}],"wp:term":[{"taxonomy":"category","embeddable":true,"href":"https:\/\/prensapresidencialvenezuela.gob.ve\/index.php\/wp-json\/wp\/v2\/categories?post=15389"},{"taxonomy":"post_tag","embeddable":true,"href":"https:\/\/prensapresidencialvenezuela.gob.ve\/index.php\/wp-json\/wp\/v2\/tags?post=15389"}],"curies":[{"name":"wp","href":"https:\/\/api.w.org\/{rel}","templated":true}]}}