{"id":15402,"date":"2024-12-05T20:31:17","date_gmt":"2024-12-06T00:31:17","guid":{"rendered":"https:\/\/prensapresidencialvenezuela.gob.ve\/?p=15402"},"modified":"2024-12-05T20:37:29","modified_gmt":"2024-12-06T00:37:29","slug":"presidente-maduro-pongo-toda-la-fe-que-desde-el-territorio-haremos-el-milagro-de-la-construccion-de-un-nuevo-estado","status":"publish","type":"post","link":"https:\/\/prensapresidencialvenezuela.gob.ve\/index.php\/2024\/12\/05\/presidente-maduro-pongo-toda-la-fe-que-desde-el-territorio-haremos-el-milagro-de-la-construccion-de-un-nuevo-estado\/","title":{"rendered":"Presidente Maduro: \u00abPongo toda la fe, que desde el territorio haremos el milagro de la construcci\u00f3n de un nuevo Estado\u00bb"},"content":{"rendered":"\n<p><strong>Palacio de Miraflores, Caracas.- <\/strong>Durante la alocuci\u00f3n del programa radial <em>Maduro Live de Repente<\/em>, el presidente de la Rep\u00fablica Bolivariana de Venezuela, Nicol\u00e1s Maduro, afirm\u00f3 que tiene \u00abfe en atender las demandas sociales del Poder Popular, desde las comunidades, con ello se conquistar\u00e1 la construcci\u00f3n del nuevo Estado Comunal\u00bb.<\/p>\n\n\n\n<p>\u00abYo pongo sobre el territorio toda la fe, toda la confianza, que desde el territorio profundo haremos el milagro de la construcci\u00f3n de un nuevo Estado\u00bb.<\/p>\n\n\n\n<p>Asimismo, en los m\u00e1s de 49 mil consejos comunales y los m\u00e1s de 5 mil circuitos comunales, constituidos en el territorio nacional, el Mandatario nacional enfatiz\u00f3 que se ha venido \u00abtrabajando duro\u00bb en el territorio, con las postulaciones de los candidatos a Jueces y Juezas de Paz en los consejos comunales, \u00abesto es un r\u00e9cord, una cosa impresionante\u00bb. <a><\/a><\/p>\n\n\n\n<p>El Jefe de Estado subray\u00f3 la importancia de los procesos democr\u00e1ticos en el pa\u00eds, dado que reflejan el poder y la voz del pueblo, realizando una comparaci\u00f3n con otras naciones, las cuales enfrentan desaf\u00edos en el camino hacia la democracia.<\/p>\n\n\n\n<p>Cabe destacar, que antes de que finalice este a\u00f1o, se efectuar\u00e1 la tercera Consulta Popular Nacional, en la que los consejos y circuitos comunales, elegir\u00e1n los proyectos que beneficiar\u00e1n a su comunidad, los cuales ser\u00e1n financiados por el Consejo Federal de Gobierno y ejecutados por el Poder Popular, siendo un hecho representativo de la democracia real y protag\u00f3nica en la Naci\u00f3n.<\/p>\n\n\n\n<p>El Dignatario record\u00f3 que ya se cumpli\u00f3 un a\u00f1o del refer\u00e9ndum consultivo del territorio Esequibo, realizado el pasado 3 de diciembre, adem\u00e1s subray\u00f3 que en la Patria Bolivariana se han realizado \u00ab7 refer\u00e9ndums\u00bb en 27 a\u00f1os, eventos que han marcado la historia y que certifican la democracia que existe en Venezuela, tal como lo establece la Carta Magna.<\/p>\n\n\n\n<p>\u201c\u00a1Vamos construyendo!\u201d, concluy\u00f3 el Mandatario venezolano.<\/p>\n\n\n\n<p><strong>Prensa presidencial\/ Geraldine Quintero.<\/strong><\/p>\n","protected":false},"excerpt":{"rendered":"<p>Palacio de Miraflores, Caracas.- Durante la alocuci\u00f3n del programa radial Maduro Live de Repente, el presidente de la Rep\u00fablica Bolivariana de Venezuela, Nicol\u00e1s Maduro, afirm\u00f3 que tiene \u00abfe en atender las demandas sociales del Poder Popular, desde las comunidades, con ello se conquistar\u00e1 la construcci\u00f3n del nuevo Estado Comunal\u00bb. \u00abYo pongo sobre el territorio toda [&hellip;]<\/p>\n","protected":false},"author":1,"featured_media":15403,"comment_status":"open","ping_status":"open","sticky":false,"template":"","format":"standard","meta":{"footnotes":""},"categories":[18,7],"tags":[],"class_list":["post-15402","post","type-post","status-publish","format-standard","has-post-thumbnail","hentry","category-noticias-principales","category-notas-de-prensa"],"_links":{"self":[{"href":"https:\/\/prensapresidencialvenezuela.gob.ve\/index.php\/wp-json\/wp\/v2\/posts\/15402","targetHints":{"allow":["GET"]}}],"collection":[{"href":"https:\/\/prensapresidencialvenezuela.gob.ve\/index.php\/wp-json\/wp\/v2\/posts"}],"about":[{"href":"https:\/\/prensapresidencialvenezuela.gob.ve\/index.php\/wp-json\/wp\/v2\/types\/post"}],"author":[{"embeddable":true,"href":"https:\/\/prensapresidencialvenezuela.gob.ve\/index.php\/wp-json\/wp\/v2\/users\/1"}],"replies":[{"embeddable":true,"href":"https:\/\/prensapresidencialvenezuela.gob.ve\/index.php\/wp-json\/wp\/v2\/comments?post=15402"}],"version-history":[{"count":1,"href":"https:\/\/prensapresidencialvenezuela.gob.ve\/index.php\/wp-json\/wp\/v2\/posts\/15402\/revisions"}],"predecessor-version":[{"id":15404,"href":"https:\/\/prensapresidencialvenezuela.gob.ve\/index.php\/wp-json\/wp\/v2\/posts\/15402\/revisions\/15404"}],"wp:featuredmedia":[{"embeddable":true,"href":"https:\/\/prensapresidencialvenezuela.gob.ve\/index.php\/wp-json\/wp\/v2\/media\/15403"}],"wp:attachment":[{"href":"https:\/\/prensapresidencialvenezuela.gob.ve\/index.php\/wp-json\/wp\/v2\/media?parent=15402"}],"wp:term":[{"taxonomy":"category","embeddable":true,"href":"https:\/\/prensapresidencialvenezuela.gob.ve\/index.php\/wp-json\/wp\/v2\/categories?post=15402"},{"taxonomy":"post_tag","embeddable":true,"href":"https:\/\/prensapresidencialvenezuela.gob.ve\/index.php\/wp-json\/wp\/v2\/tags?post=15402"}],"curies":[{"name":"wp","href":"https:\/\/api.w.org\/{rel}","templated":true}]}}