{"id":15409,"date":"2024-12-05T20:48:28","date_gmt":"2024-12-06T00:48:28","guid":{"rendered":"https:\/\/prensapresidencialvenezuela.gob.ve\/?p=15409"},"modified":"2024-12-05T20:48:28","modified_gmt":"2024-12-06T00:48:28","slug":"pesebre-venezolano-sera-certificado-como-patrimonio-cultural-de-la-nacion","status":"publish","type":"post","link":"https:\/\/prensapresidencialvenezuela.gob.ve\/index.php\/2024\/12\/05\/pesebre-venezolano-sera-certificado-como-patrimonio-cultural-de-la-nacion\/","title":{"rendered":"Pesebre venezolano ser\u00e1 certificado como Patrimonio Cultural de la Naci\u00f3n"},"content":{"rendered":"\n<p><strong>Palacio de Miraflores, Caracas.- <\/strong>El ministro del Poder Popular para la Cultura, Ernesto Villegas, inform\u00f3 que el Pesebre venezolano ser\u00e1 certificado como Patrimonio Cultural de la Naci\u00f3n, esto como parte del impulso de las pol\u00edticas culturales del Ejecutivo.<\/p>\n\n\n\n<p>El Ministro Villegas puntualiz\u00f3 que el pesebre ya hab\u00eda sido declarado en distinto municipios del pa\u00eds como Patrimonio Cultural, por lo que se\u00f1al\u00f3 que proceder\u00e1n a elaborar un certificado que lo declare como patrimonio nacional.<\/p>\n\n\n\n<p>En contexto, el 14 de diciembre del 2022 fue firmado el certificado que inscribi\u00f3 al pesebre venezolano como patrimonio del pa\u00eds, durante el lanzamiento del Primer Festival Nacional del pesebre que se realiz\u00f3 en la sede de la Casona Cultural, en Caracas.<\/p>\n\n\n\n<p>El nombramiento de la escenificaci\u00f3n \u00abNacimiento del Se\u00f1or\u00bb fue suscrita por la presidenta del Instituto del Patrimonio Cultural, Dinorah Cruz; adem\u00e1s del Ministro Cultura, y luego fue remitido a representantes del Movimiento de Mu\u00f1equeras y Mu\u00f1equeros Amorosos de Venezuela.<\/p>\n\n\n\n<p>El Nacimiento venezolano, tambi\u00e9n conocido como Bel\u00e9n, fue ideado por San Francisco de As\u00eds en la Nochebuena del a\u00f1o 1223 en el peque\u00f1o pueblo de Greccio, Italia.&nbsp;En aquel entonces, el santo, que ya present\u00eda su cercana muerte, quiso vivir la Navidad de una manera diferente, juntando personajes y animales en una gruta que le facilitaron la recreaci\u00f3n de la Natividad del Se\u00f1or.<\/p>\n\n\n\n<p><strong>Prensa Presidencial\/Irmary D\u00edaz<\/strong><\/p>\n","protected":false},"excerpt":{"rendered":"<p>Palacio de Miraflores, Caracas.- El ministro del Poder Popular para la Cultura, Ernesto Villegas, inform\u00f3 que el Pesebre venezolano ser\u00e1 certificado como Patrimonio Cultural de la Naci\u00f3n, esto como parte del impulso de las pol\u00edticas culturales del Ejecutivo. El Ministro Villegas puntualiz\u00f3 que el pesebre ya hab\u00eda sido declarado en distinto municipios del pa\u00eds como [&hellip;]<\/p>\n","protected":false},"author":1,"featured_media":15410,"comment_status":"open","ping_status":"open","sticky":false,"template":"","format":"standard","meta":{"footnotes":""},"categories":[18,7],"tags":[527,1134,1129],"class_list":["post-15409","post","type-post","status-publish","format-standard","has-post-thumbnail","hentry","category-noticias-principales","category-notas-de-prensa","tag-nacion","tag-pesebre","tag-unesco"],"_links":{"self":[{"href":"https:\/\/prensapresidencialvenezuela.gob.ve\/index.php\/wp-json\/wp\/v2\/posts\/15409","targetHints":{"allow":["GET"]}}],"collection":[{"href":"https:\/\/prensapresidencialvenezuela.gob.ve\/index.php\/wp-json\/wp\/v2\/posts"}],"about":[{"href":"https:\/\/prensapresidencialvenezuela.gob.ve\/index.php\/wp-json\/wp\/v2\/types\/post"}],"author":[{"embeddable":true,"href":"https:\/\/prensapresidencialvenezuela.gob.ve\/index.php\/wp-json\/wp\/v2\/users\/1"}],"replies":[{"embeddable":true,"href":"https:\/\/prensapresidencialvenezuela.gob.ve\/index.php\/wp-json\/wp\/v2\/comments?post=15409"}],"version-history":[{"count":1,"href":"https:\/\/prensapresidencialvenezuela.gob.ve\/index.php\/wp-json\/wp\/v2\/posts\/15409\/revisions"}],"predecessor-version":[{"id":15411,"href":"https:\/\/prensapresidencialvenezuela.gob.ve\/index.php\/wp-json\/wp\/v2\/posts\/15409\/revisions\/15411"}],"wp:featuredmedia":[{"embeddable":true,"href":"https:\/\/prensapresidencialvenezuela.gob.ve\/index.php\/wp-json\/wp\/v2\/media\/15410"}],"wp:attachment":[{"href":"https:\/\/prensapresidencialvenezuela.gob.ve\/index.php\/wp-json\/wp\/v2\/media?parent=15409"}],"wp:term":[{"taxonomy":"category","embeddable":true,"href":"https:\/\/prensapresidencialvenezuela.gob.ve\/index.php\/wp-json\/wp\/v2\/categories?post=15409"},{"taxonomy":"post_tag","embeddable":true,"href":"https:\/\/prensapresidencialvenezuela.gob.ve\/index.php\/wp-json\/wp\/v2\/tags?post=15409"}],"curies":[{"name":"wp","href":"https:\/\/api.w.org\/{rel}","templated":true}]}}