{"id":1541,"date":"2022-03-16T15:02:00","date_gmt":"2022-03-16T15:02:00","guid":{"rendered":"http:\/\/172.27.0.121\/?p=1541"},"modified":"2022-06-29T15:03:45","modified_gmt":"2022-06-29T15:03:45","slug":"agresiones-imperialistas-contra-venezuela-han-sido-superadas-gracias-al-poder-popular","status":"publish","type":"post","link":"https:\/\/prensapresidencialvenezuela.gob.ve\/index.php\/2022\/03\/16\/agresiones-imperialistas-contra-venezuela-han-sido-superadas-gracias-al-poder-popular\/","title":{"rendered":"Agresiones imperialistas contra Venezuela han sido superadas gracias al Poder Popular"},"content":{"rendered":"\n<p><strong>Caracas, Distrito Capital.-<\/strong> El Gobierno Bolivariano, liderado por el presidente de la Rep\u00fablica, Nicol\u00e1s Maduro Moros, ha podido sortear todas las agresiones y conspiraciones de Estados Unidos en contra de Venezuela, gracias a la conciencia del pueblo venezolano.<\/p>\n\n\n\n<p>\u201cSe pregunta el imperialismo norteamericano y se preguntan los oligarcas \u00bfQu\u00e9 tiene Maduro? \u00bfQu\u00e9 tiene la Revoluci\u00f3n Bolivariana que ha podido enfrentar todas las conspiraciones, planes violentos, todas las maldades? \u00bfQu\u00e9 tienen? En primer lugar las bendiciones de Dios y en segundo lugar el poder del pueblo, el poder de los CLAP, y \u00a1el poder del pueblo lo puede todo!\u201d expres\u00f3 Maduro.<\/p>\n\n\n\n<p>El Mandatario record\u00f3 que siempre se le ha hablado al pueblo de las dificultades con sinceridad y la respuesta fue que \u201caqu\u00ed no se rinde nadie y vamos es para adelante\u201d.<\/p>\n\n\n\n<p>Durante la celebraci\u00f3n del sexto aniversario de los Comit\u00e9s Locales de Abastecimiento y Producci\u00f3n (CLAP), destac\u00f3 el Gobierno Bolivariano es verdaderamente popular.<\/p>\n\n\n\n<p>Finalmente felicit\u00f3 a los 17 mil CLAP que participaron en el II Congreso Bicentenario de los Pueblos que se realiz\u00f3 v\u00eda videoconferencia y recogi\u00f3 las propuestas de todo el pa\u00eds.<\/p>\n\n\n\n<p><strong>Prensa Presidencial<\/strong><\/p>\n","protected":false},"excerpt":{"rendered":"<p>Caracas, Distrito Capital.- El Gobierno Bolivariano, liderado por el presidente de la Rep\u00fablica, Nicol\u00e1s Maduro Moros, ha podido sortear todas las agresiones y conspiraciones de Estados Unidos en contra de Venezuela, gracias a la conciencia del pueblo venezolano. \u201cSe pregunta el imperialismo norteamericano y se preguntan los oligarcas \u00bfQu\u00e9 tiene Maduro? \u00bfQu\u00e9 tiene la Revoluci\u00f3n [&hellip;]<\/p>\n","protected":false},"author":6,"featured_media":1542,"comment_status":"open","ping_status":"open","sticky":false,"template":"","format":"standard","meta":{"footnotes":""},"categories":[7],"tags":[],"class_list":["post-1541","post","type-post","status-publish","format-standard","has-post-thumbnail","hentry","category-notas-de-prensa"],"_links":{"self":[{"href":"https:\/\/prensapresidencialvenezuela.gob.ve\/index.php\/wp-json\/wp\/v2\/posts\/1541","targetHints":{"allow":["GET"]}}],"collection":[{"href":"https:\/\/prensapresidencialvenezuela.gob.ve\/index.php\/wp-json\/wp\/v2\/posts"}],"about":[{"href":"https:\/\/prensapresidencialvenezuela.gob.ve\/index.php\/wp-json\/wp\/v2\/types\/post"}],"author":[{"embeddable":true,"href":"https:\/\/prensapresidencialvenezuela.gob.ve\/index.php\/wp-json\/wp\/v2\/users\/6"}],"replies":[{"embeddable":true,"href":"https:\/\/prensapresidencialvenezuela.gob.ve\/index.php\/wp-json\/wp\/v2\/comments?post=1541"}],"version-history":[{"count":1,"href":"https:\/\/prensapresidencialvenezuela.gob.ve\/index.php\/wp-json\/wp\/v2\/posts\/1541\/revisions"}],"predecessor-version":[{"id":1543,"href":"https:\/\/prensapresidencialvenezuela.gob.ve\/index.php\/wp-json\/wp\/v2\/posts\/1541\/revisions\/1543"}],"wp:featuredmedia":[{"embeddable":true,"href":"https:\/\/prensapresidencialvenezuela.gob.ve\/index.php\/wp-json\/wp\/v2\/media\/1542"}],"wp:attachment":[{"href":"https:\/\/prensapresidencialvenezuela.gob.ve\/index.php\/wp-json\/wp\/v2\/media?parent=1541"}],"wp:term":[{"taxonomy":"category","embeddable":true,"href":"https:\/\/prensapresidencialvenezuela.gob.ve\/index.php\/wp-json\/wp\/v2\/categories?post=1541"},{"taxonomy":"post_tag","embeddable":true,"href":"https:\/\/prensapresidencialvenezuela.gob.ve\/index.php\/wp-json\/wp\/v2\/tags?post=1541"}],"curies":[{"name":"wp","href":"https:\/\/api.w.org\/{rel}","templated":true}]}}