{"id":15432,"date":"2024-12-06T19:26:23","date_gmt":"2024-12-06T23:26:23","guid":{"rendered":"https:\/\/prensapresidencialvenezuela.gob.ve\/?p=15432"},"modified":"2024-12-06T19:26:23","modified_gmt":"2024-12-06T23:26:23","slug":"gobierno-nacional-reafirma-compromiso-con-la-paz-y-la-defensa-territorial-en-reunion-con-la-fanb","status":"publish","type":"post","link":"https:\/\/prensapresidencialvenezuela.gob.ve\/index.php\/2024\/12\/06\/gobierno-nacional-reafirma-compromiso-con-la-paz-y-la-defensa-territorial-en-reunion-con-la-fanb\/","title":{"rendered":"Gobierno Nacional reafirma compromiso con la paz y la defensa territorial en reuni\u00f3n con la FANB"},"content":{"rendered":"\n<p><strong>Fuerte Tiuna, Caracas.-<\/strong> El presidente de la Rep\u00fablica, Nicol\u00e1s Maduro, lider\u00f3 una reuni\u00f3n de trabajo con los comandantes de las Unidades Superiores y T\u00e1cticas de la Fuerza Armada Nacional Bolivariana (FANB), donde se abordaron temas cruciales para la defensa de la paz y la integridad territorial del pa\u00eds, ante las crecientes amenazas extremistas.<\/p>\n\n\n\n<p>Durante este encuentro, el Jefe de Estado subray\u00f3 la importancia de articular los planes de defensa, para resaltar los esfuerzos que son fundamentales en un momento hist\u00f3rico, en que el amor por la Patria y la voluntad de resguardar los derechos a la paz y a un futuro seguro, son puestos a prueba.<\/p>\n\n\n\n<p>\u00abEsta reuni\u00f3n es crucial para articular los planes de defensa de la paz y la integridad territorial frente a las amenazas extremistas. \u00a1Venezuela sigue su rumbo en paz!\u00bb, subray\u00f3 el Mandatario venezolano.<\/p>\n\n\n\n<p>El Presidente hizo un llamado a la unidad nacional y a la defensa de los valores fundamentales del pa\u00eds en estos tiempos desafiantes.<\/p>\n\n\n\n<p>\u00abSi en alg\u00fan momento de la vida republicana de Venezuela, luego de la primera jornada independentista hace 200 a\u00f1os, se puso a prueba el amor por la Patria y la voluntad absoluta para defender nuestros derechos a la paz, al futuro y a la vida, es este momento de la vida republicana\u00bb, afirm\u00f3, instando a todos los venezolanos a sumar esfuerzos en la construcci\u00f3n de una naci\u00f3n fuerte y unida.<\/p>\n\n\n\n<p>Esta reuni\u00f3n con los comandantes del cuerpo castrense reafirma la determinaci\u00f3n del Gobierno venezolano de trabajar estrechamente con las instituciones para salvaguardar la soberan\u00eda y los derechos del pueblo venezolano.<\/p>\n\n\n\n<p><strong>Prensa Presidencial \/ Luis Tavera<\/strong><\/p>\n","protected":false},"excerpt":{"rendered":"<p>Fuerte Tiuna, Caracas.- El presidente de la Rep\u00fablica, Nicol\u00e1s Maduro, lider\u00f3 una reuni\u00f3n de trabajo con los comandantes de las Unidades Superiores y T\u00e1cticas de la Fuerza Armada Nacional Bolivariana (FANB), donde se abordaron temas cruciales para la defensa de la paz y la integridad territorial del pa\u00eds, ante las crecientes amenazas extremistas. Durante este [&hellip;]<\/p>\n","protected":false},"author":1,"featured_media":15433,"comment_status":"open","ping_status":"open","sticky":false,"template":"","format":"standard","meta":{"footnotes":""},"categories":[18,7],"tags":[],"class_list":["post-15432","post","type-post","status-publish","format-standard","has-post-thumbnail","hentry","category-noticias-principales","category-notas-de-prensa"],"_links":{"self":[{"href":"https:\/\/prensapresidencialvenezuela.gob.ve\/index.php\/wp-json\/wp\/v2\/posts\/15432","targetHints":{"allow":["GET"]}}],"collection":[{"href":"https:\/\/prensapresidencialvenezuela.gob.ve\/index.php\/wp-json\/wp\/v2\/posts"}],"about":[{"href":"https:\/\/prensapresidencialvenezuela.gob.ve\/index.php\/wp-json\/wp\/v2\/types\/post"}],"author":[{"embeddable":true,"href":"https:\/\/prensapresidencialvenezuela.gob.ve\/index.php\/wp-json\/wp\/v2\/users\/1"}],"replies":[{"embeddable":true,"href":"https:\/\/prensapresidencialvenezuela.gob.ve\/index.php\/wp-json\/wp\/v2\/comments?post=15432"}],"version-history":[{"count":1,"href":"https:\/\/prensapresidencialvenezuela.gob.ve\/index.php\/wp-json\/wp\/v2\/posts\/15432\/revisions"}],"predecessor-version":[{"id":15434,"href":"https:\/\/prensapresidencialvenezuela.gob.ve\/index.php\/wp-json\/wp\/v2\/posts\/15432\/revisions\/15434"}],"wp:featuredmedia":[{"embeddable":true,"href":"https:\/\/prensapresidencialvenezuela.gob.ve\/index.php\/wp-json\/wp\/v2\/media\/15433"}],"wp:attachment":[{"href":"https:\/\/prensapresidencialvenezuela.gob.ve\/index.php\/wp-json\/wp\/v2\/media?parent=15432"}],"wp:term":[{"taxonomy":"category","embeddable":true,"href":"https:\/\/prensapresidencialvenezuela.gob.ve\/index.php\/wp-json\/wp\/v2\/categories?post=15432"},{"taxonomy":"post_tag","embeddable":true,"href":"https:\/\/prensapresidencialvenezuela.gob.ve\/index.php\/wp-json\/wp\/v2\/tags?post=15432"}],"curies":[{"name":"wp","href":"https:\/\/api.w.org\/{rel}","templated":true}]}}