{"id":15435,"date":"2024-12-06T19:42:01","date_gmt":"2024-12-06T23:42:01","guid":{"rendered":"https:\/\/prensapresidencialvenezuela.gob.ve\/?p=15435"},"modified":"2024-12-06T19:57:25","modified_gmt":"2024-12-06T23:57:25","slug":"frank-zurita-encabezara-investigacion-para-impulsar-la-historia-militar-del-pais","status":"publish","type":"post","link":"https:\/\/prensapresidencialvenezuela.gob.ve\/index.php\/2024\/12\/06\/frank-zurita-encabezara-investigacion-para-impulsar-la-historia-militar-del-pais\/","title":{"rendered":"Frank Zurita encabezar\u00e1 investigaci\u00f3n para impulsar la historia militar del pa\u00eds"},"content":{"rendered":"\n<p><strong>Fuerte Tiuna, Caracas<\/strong>. &#8211; El presidente de la Rep\u00fablica Bolivariana de Venezuela, Nicol\u00e1s Maduro Moros, durante la reuni\u00f3n de trabajo con los comandantes de las Unidades Superiores y T\u00e1cticas de la Fuerza Armada Nacional Bolivariana (FANB), instruy\u00f3 al historiador, G\/D Frank Zurita, encabezar una investigaci\u00f3n con un grupo de historiadores civiles y militares, sobre la historia militar de Venezuela.<\/p>\n\n\n\n<p>\u00abHemos concretado con la direcci\u00f3n de Frank Zurita, para que se encargue de un grupo de historiadores venezolanos, historiadores civiles, militares, para que muy pronto podamos tener completo los tomos de la historia militar de Venezuela, que se ha vivido en 500 a\u00f1os desde la resistencia de Guaicaipuro hasta la refundaci\u00f3n de la Fuerza Armada Nacional Bolivariana, y eso tenga un impacto directo\u00bb, puntualiz\u00f3.<\/p>\n\n\n\n<p>El Dignatario detall\u00f3 haber encontrado \u00ab10 tomos de la historia militar de Venezuela (desde 1810-1868), nunca antes estudiados\u00bb, en consecuencia, cre\u00f3 una comisi\u00f3n para reconstruir la historia militar de Venezuela, liderada por el G\/D Frank Zurita.<\/p>\n\n\n\n<p>Asimismo, el Mandatario subray\u00f3 la importancia de esta investigaci\u00f3n, con el objetivo de robustecer la \u00abformaci\u00f3n acad\u00e9mica y permanente\u00bb del cuerpo castrense del pa\u00eds.<\/p>\n\n\n\n<p>En esa l\u00ednea, detall\u00f3 que la Patria Bolivariana \u00abtiene una doctrina militar propia, no extranjera\u00bb; la cual est\u00e1 caracterizada por tener un \u00abconcepto estrat\u00e9gico de defensa, que ha surgido de la ra\u00edz profunda\u00bb.<\/p>\n\n\n\n<p>\u00abConocer la historia de nuestra lucha, de nuestra batalla, de nuestras fuerzas militares. \u00a1Qu\u00e9 glorioso es la historia militar de Venezuela!\u00bb, destac\u00f3 el Jefe de Estado.<\/p>\n\n\n\n<p><strong>Prensa presidencial\/ Geraldine Quintero<\/strong><\/p>\n","protected":false},"excerpt":{"rendered":"<p>Fuerte Tiuna, Caracas. &#8211; El presidente de la Rep\u00fablica Bolivariana de Venezuela, Nicol\u00e1s Maduro Moros, durante la reuni\u00f3n de trabajo con los comandantes de las Unidades Superiores y T\u00e1cticas de la Fuerza Armada Nacional Bolivariana (FANB), instruy\u00f3 al historiador, G\/D Frank Zurita, encabezar una investigaci\u00f3n con un grupo de historiadores civiles y militares, sobre la [&hellip;]<\/p>\n","protected":false},"author":1,"featured_media":15441,"comment_status":"open","ping_status":"open","sticky":false,"template":"","format":"standard","meta":{"footnotes":""},"categories":[18,7],"tags":[463,19,451,27,20],"class_list":["post-15435","post","type-post","status-publish","format-standard","has-post-thumbnail","hentry","category-noticias-principales","category-notas-de-prensa","tag-historia","tag-nicolas-maduro","tag-pueblo","tag-revolucion-bolivariana","tag-venezuela"],"_links":{"self":[{"href":"https:\/\/prensapresidencialvenezuela.gob.ve\/index.php\/wp-json\/wp\/v2\/posts\/15435","targetHints":{"allow":["GET"]}}],"collection":[{"href":"https:\/\/prensapresidencialvenezuela.gob.ve\/index.php\/wp-json\/wp\/v2\/posts"}],"about":[{"href":"https:\/\/prensapresidencialvenezuela.gob.ve\/index.php\/wp-json\/wp\/v2\/types\/post"}],"author":[{"embeddable":true,"href":"https:\/\/prensapresidencialvenezuela.gob.ve\/index.php\/wp-json\/wp\/v2\/users\/1"}],"replies":[{"embeddable":true,"href":"https:\/\/prensapresidencialvenezuela.gob.ve\/index.php\/wp-json\/wp\/v2\/comments?post=15435"}],"version-history":[{"count":1,"href":"https:\/\/prensapresidencialvenezuela.gob.ve\/index.php\/wp-json\/wp\/v2\/posts\/15435\/revisions"}],"predecessor-version":[{"id":15437,"href":"https:\/\/prensapresidencialvenezuela.gob.ve\/index.php\/wp-json\/wp\/v2\/posts\/15435\/revisions\/15437"}],"wp:featuredmedia":[{"embeddable":true,"href":"https:\/\/prensapresidencialvenezuela.gob.ve\/index.php\/wp-json\/wp\/v2\/media\/15441"}],"wp:attachment":[{"href":"https:\/\/prensapresidencialvenezuela.gob.ve\/index.php\/wp-json\/wp\/v2\/media?parent=15435"}],"wp:term":[{"taxonomy":"category","embeddable":true,"href":"https:\/\/prensapresidencialvenezuela.gob.ve\/index.php\/wp-json\/wp\/v2\/categories?post=15435"},{"taxonomy":"post_tag","embeddable":true,"href":"https:\/\/prensapresidencialvenezuela.gob.ve\/index.php\/wp-json\/wp\/v2\/tags?post=15435"}],"curies":[{"name":"wp","href":"https:\/\/api.w.org\/{rel}","templated":true}]}}