{"id":15449,"date":"2024-12-07T11:49:42","date_gmt":"2024-12-07T15:49:42","guid":{"rendered":"https:\/\/prensapresidencialvenezuela.gob.ve\/?p=15449"},"modified":"2024-12-07T11:49:42","modified_gmt":"2024-12-07T15:49:42","slug":"200-anos-despues-la-convocatoria-de-simon-bolivar-al-congreso-de-panama-resuena-como-un-impulso-a-la-unidad-regional","status":"publish","type":"post","link":"https:\/\/prensapresidencialvenezuela.gob.ve\/index.php\/2024\/12\/07\/200-anos-despues-la-convocatoria-de-simon-bolivar-al-congreso-de-panama-resuena-como-un-impulso-a-la-unidad-regional\/","title":{"rendered":"200 a\u00f1os despu\u00e9s, la Convocatoria de Sim\u00f3n Bol\u00edvar al Congreso de Panam\u00e1 resuena como un impulso a la unidad regional"},"content":{"rendered":"\n<p><strong>Palacio de Miraflores, Caracas.- <\/strong>En una significativa celebraci\u00f3n de la historia, el presidente de la Rep\u00fablica Bolivariana de Venezuela, Nicol\u00e1s Maduro, comparti\u00f3 en sus redes sociales un documento de enorme trascendencia: la Carta del Libertador Sim\u00f3n Bol\u00edvar, en su calidad de Jefe de Estado del Per\u00fa, en la que convoca al Congreso Anficti\u00f3nico de Panam\u00e1.<\/p>\n\n\n\n<p>Este texto que data de hace 200 a\u00f1os, firmado por Bol\u00edvar el 7 de diciembre de 1824, resalta la visi\u00f3n integradora del Libertador y su llamado a la unidad en la lucha por la independencia de Am\u00e9rica Latina y su lucha contra las influencias imperiales.<\/p>\n\n\n\n<p>El jefe de Estado \u00a0record\u00f3 que el Libertador Sim\u00f3n Bol\u00edvar, en su momento, visualiz\u00f3 al Istmo de Panam\u00e1 como el centro estrat\u00e9gico para forjar la uni\u00f3n entre naciones que reci\u00e9n emerg\u00edan del yugo colonial.<\/p>\n\n\n\n<p>\u201cCelebramos la vigencia suprema, hist\u00f3rica y pol\u00edtica de esta comunicaci\u00f3n, que resume el proyecto de la Patria Grande\u201d, enfatiz\u00f3 el Presidente, al destacar que la esencia del bolivarianismo se centra en la libertad, soberan\u00eda e igualdad de nuestros pueblos.<\/p>\n\n\n\n<p>El Congreso Anficti\u00f3nico, que tuvo lugar del 22 de junio al 15 de julio de 1826, fue un esfuerzo monumental por parte de Bol\u00edvar para establecer un ej\u00e9rcito multinacional, impulsar una pol\u00edtica exterior com\u00fan y reunir a los pa\u00edses latinoamericanos para una acci\u00f3n concertada.<\/p>\n\n\n\n<p>Sin embargo, la ausencia de varias naciones convocadas debilit\u00f3 estos esfuerzos y frustr\u00f3 la creaci\u00f3n de una alianza robusta. Como resultado, la unidad anticolonial y la emancipaci\u00f3n de Cuba y Puerto Rico no lograron concretarse, dando paso a una fragmentaci\u00f3n de esfuerzos que permitieron el crecimiento de las influencias imperialistas en la regi\u00f3n.<\/p>\n\n\n\n<p>La falta de un acuerdo que unificara a las rep\u00fablicas independentistas abri\u00f3 la puerta a un nuevo paradigma en el siglo XIX, donde la idea de integraci\u00f3n fue reinterpretada por los Estados Unidos a trav\u00e9s del panamericanismo, el cual, crucialmente, confin\u00f3 el ideal de unidad latinoamericana a intereses que beneficiaban m\u00e1s a las potencias del norte que al propio continente.<\/p>\n\n\n\n<p>En este sentido, la evocaci\u00f3n de la carta de Bol\u00edvar en la actualidad no es s\u00f3lo un recordatorio de los ideales revolucionarios, sino un llamado a renovar el compromiso con la integraci\u00f3n aut\u00e9ntica y la soberan\u00eda regional.<\/p>\n\n\n\n<p>La lucha por los principios bolivarianos resuena en cada rinc\u00f3n de Am\u00e9rica Latina, para recordar que la uni\u00f3n, m\u00e1s que un deseo, es una necesidad urgente ante las continuas arremetidas imperiales.<\/p>\n\n\n\n<p>En palabras del presidente Nicol\u00e1s Maduro: \u201cSeguiremos luchando por el anhelo integracionista bolivariano, la uni\u00f3n de nuestra Am\u00e9rica libre, soberana, igualitaria y republicana\u201d.<\/p>\n\n\n\n<p><strong>Prensa Presidencial \/ Luis Tavera<\/strong><\/p>\n\n\n\n<p><\/p>\n","protected":false},"excerpt":{"rendered":"<p>Palacio de Miraflores, Caracas.- En una significativa celebraci\u00f3n de la historia, el presidente de la Rep\u00fablica Bolivariana de Venezuela, Nicol\u00e1s Maduro, comparti\u00f3 en sus redes sociales un documento de enorme trascendencia: la Carta del Libertador Sim\u00f3n Bol\u00edvar, en su calidad de Jefe de Estado del Per\u00fa, en la que convoca al Congreso Anficti\u00f3nico de Panam\u00e1. [&hellip;]<\/p>\n","protected":false},"author":1,"featured_media":15450,"comment_status":"open","ping_status":"open","sticky":false,"template":"","format":"standard","meta":{"footnotes":""},"categories":[18,7],"tags":[],"class_list":["post-15449","post","type-post","status-publish","format-standard","has-post-thumbnail","hentry","category-noticias-principales","category-notas-de-prensa"],"_links":{"self":[{"href":"https:\/\/prensapresidencialvenezuela.gob.ve\/index.php\/wp-json\/wp\/v2\/posts\/15449","targetHints":{"allow":["GET"]}}],"collection":[{"href":"https:\/\/prensapresidencialvenezuela.gob.ve\/index.php\/wp-json\/wp\/v2\/posts"}],"about":[{"href":"https:\/\/prensapresidencialvenezuela.gob.ve\/index.php\/wp-json\/wp\/v2\/types\/post"}],"author":[{"embeddable":true,"href":"https:\/\/prensapresidencialvenezuela.gob.ve\/index.php\/wp-json\/wp\/v2\/users\/1"}],"replies":[{"embeddable":true,"href":"https:\/\/prensapresidencialvenezuela.gob.ve\/index.php\/wp-json\/wp\/v2\/comments?post=15449"}],"version-history":[{"count":1,"href":"https:\/\/prensapresidencialvenezuela.gob.ve\/index.php\/wp-json\/wp\/v2\/posts\/15449\/revisions"}],"predecessor-version":[{"id":15451,"href":"https:\/\/prensapresidencialvenezuela.gob.ve\/index.php\/wp-json\/wp\/v2\/posts\/15449\/revisions\/15451"}],"wp:featuredmedia":[{"embeddable":true,"href":"https:\/\/prensapresidencialvenezuela.gob.ve\/index.php\/wp-json\/wp\/v2\/media\/15450"}],"wp:attachment":[{"href":"https:\/\/prensapresidencialvenezuela.gob.ve\/index.php\/wp-json\/wp\/v2\/media?parent=15449"}],"wp:term":[{"taxonomy":"category","embeddable":true,"href":"https:\/\/prensapresidencialvenezuela.gob.ve\/index.php\/wp-json\/wp\/v2\/categories?post=15449"},{"taxonomy":"post_tag","embeddable":true,"href":"https:\/\/prensapresidencialvenezuela.gob.ve\/index.php\/wp-json\/wp\/v2\/tags?post=15449"}],"curies":[{"name":"wp","href":"https:\/\/api.w.org\/{rel}","templated":true}]}}