{"id":15519,"date":"2024-12-09T19:03:56","date_gmt":"2024-12-09T23:03:56","guid":{"rendered":"https:\/\/prensapresidencialvenezuela.gob.ve\/?p=15519"},"modified":"2024-12-09T19:07:04","modified_gmt":"2024-12-09T23:07:04","slug":"gobierno-nacional-otorga-la-condecoracion-orden-bicentenario-victoria-de-ayacucho-a-venezolanos-sancionados-por-estados-unidos","status":"publish","type":"post","link":"https:\/\/prensapresidencialvenezuela.gob.ve\/index.php\/2024\/12\/09\/gobierno-nacional-otorga-la-condecoracion-orden-bicentenario-victoria-de-ayacucho-a-venezolanos-sancionados-por-estados-unidos\/","title":{"rendered":"Gobierno Nacional otorga la condecoraci\u00f3n \u201cOrden Bicentenario Victoria de Ayacucho\u201d a venezolanos sancionados por Estados Unidos"},"content":{"rendered":"\n<p><strong>Los Pr\u00f3ceres, Caracas.-<\/strong> Durante el acto conmemorativo del Bicentenario de la Batalla de Ayacucho, el presidente de la Rep\u00fablica Bolivariana de Venezuela, Nicol\u00e1s Maduro Moros, entreg\u00f3 la condecoraci\u00f3n \u201cOrden Bicentenario Victoria de Ayacucho\u201da 21 venezolanos y venezolanas que han sido sancionados por el gobierno de Estados Unidos.<\/p>\n\n\n\n<p>El evento se llev\u00f3 a cabo en el Paseo Monumental Los Pr\u00f3ceres, un lugar emblem\u00e1tico para la memoria nacional.<\/p>\n\n\n\n<p>El presidente Maduro, al hacer entrega de la distinci\u00f3n, que fue aprobada por unanimidad y en primera discusi\u00f3n por la Asamblea Nacional el pasado 6 de diciembre de 2024, inst\u00f3 a los condecorados a asumir con orgullo su condici\u00f3n de h\u00e9roes.<\/p>\n\n\n\n<p>\u201cH\u00e1ganse merecedores de las sanciones que el imperialismo puso sobre ustedes, pero sobre todo, h\u00e1ganse herederos en las acciones de las glorias de esta condecoraci\u00f3n que por primera vez se otorga en Venezuela en 200 a\u00f1os\u201d, expres\u00f3 el jefe de Estado.<\/p>\n\n\n\n<p>Sus palabras reflejan un compromiso con la resistencia y la dignidad del pueblo venezolano frente a las adversidades impuestas por el imperialismo.<\/p>\n\n\n\n<p><strong>Rechazo a las sanciones<\/strong><\/p>\n\n\n\n<p>Cabe destacar, que el pasado mes de noviembre, el presidente Nicol\u00e1s Maduro conden\u00f3 las sanciones impuestas por el Departamento del Tesoro de Estados Unidos contra 21 l\u00edderes y dirigentes de la Revoluci\u00f3n Bolivariana, durante la ceremonia conmemorativa del 104\u00b0 aniversario de la Aviaci\u00f3n Militar Bolivariana y el 32\u00b0 Aniversario de la Rebeli\u00f3n Antiimperialista del 27 de noviembre de 1992.<\/p>\n\n\n\n<p>Con fervor patri\u00f3tico, el mandatario inst\u00f3 a la unidad y la resistencia ante lo que consider\u00f3 agresiones externas.<\/p>\n\n\n\n<p><strong>Prensa Presidencial \/ Luis Tavera<\/strong><\/p>\n","protected":false},"excerpt":{"rendered":"<p>Los Pr\u00f3ceres, Caracas.- Durante el acto conmemorativo del Bicentenario de la Batalla de Ayacucho, el presidente de la Rep\u00fablica Bolivariana de Venezuela, Nicol\u00e1s Maduro Moros, entreg\u00f3 la condecoraci\u00f3n \u201cOrden Bicentenario Victoria de Ayacucho\u201da 21 venezolanos y venezolanas que han sido sancionados por el gobierno de Estados Unidos. El evento se llev\u00f3 a cabo en el [&hellip;]<\/p>\n","protected":false},"author":1,"featured_media":15520,"comment_status":"open","ping_status":"open","sticky":false,"template":"","format":"standard","meta":{"footnotes":""},"categories":[18,7],"tags":[852,663],"class_list":["post-15519","post","type-post","status-publish","format-standard","has-post-thumbnail","hentry","category-noticias-principales","category-notas-de-prensa","tag-condecoracion","tag-presidente"],"_links":{"self":[{"href":"https:\/\/prensapresidencialvenezuela.gob.ve\/index.php\/wp-json\/wp\/v2\/posts\/15519","targetHints":{"allow":["GET"]}}],"collection":[{"href":"https:\/\/prensapresidencialvenezuela.gob.ve\/index.php\/wp-json\/wp\/v2\/posts"}],"about":[{"href":"https:\/\/prensapresidencialvenezuela.gob.ve\/index.php\/wp-json\/wp\/v2\/types\/post"}],"author":[{"embeddable":true,"href":"https:\/\/prensapresidencialvenezuela.gob.ve\/index.php\/wp-json\/wp\/v2\/users\/1"}],"replies":[{"embeddable":true,"href":"https:\/\/prensapresidencialvenezuela.gob.ve\/index.php\/wp-json\/wp\/v2\/comments?post=15519"}],"version-history":[{"count":2,"href":"https:\/\/prensapresidencialvenezuela.gob.ve\/index.php\/wp-json\/wp\/v2\/posts\/15519\/revisions"}],"predecessor-version":[{"id":15522,"href":"https:\/\/prensapresidencialvenezuela.gob.ve\/index.php\/wp-json\/wp\/v2\/posts\/15519\/revisions\/15522"}],"wp:featuredmedia":[{"embeddable":true,"href":"https:\/\/prensapresidencialvenezuela.gob.ve\/index.php\/wp-json\/wp\/v2\/media\/15520"}],"wp:attachment":[{"href":"https:\/\/prensapresidencialvenezuela.gob.ve\/index.php\/wp-json\/wp\/v2\/media?parent=15519"}],"wp:term":[{"taxonomy":"category","embeddable":true,"href":"https:\/\/prensapresidencialvenezuela.gob.ve\/index.php\/wp-json\/wp\/v2\/categories?post=15519"},{"taxonomy":"post_tag","embeddable":true,"href":"https:\/\/prensapresidencialvenezuela.gob.ve\/index.php\/wp-json\/wp\/v2\/tags?post=15519"}],"curies":[{"name":"wp","href":"https:\/\/api.w.org\/{rel}","templated":true}]}}