{"id":15533,"date":"2024-12-09T20:49:57","date_gmt":"2024-12-10T00:49:57","guid":{"rendered":"https:\/\/prensapresidencialvenezuela.gob.ve\/?p=15533"},"modified":"2024-12-09T20:49:57","modified_gmt":"2024-12-10T00:49:57","slug":"venezuela-reafirma-la-fusion-civico-militar-policial-frente-a-las-amenazas-fascistas-desde-el-exterior","status":"publish","type":"post","link":"https:\/\/prensapresidencialvenezuela.gob.ve\/index.php\/2024\/12\/09\/venezuela-reafirma-la-fusion-civico-militar-policial-frente-a-las-amenazas-fascistas-desde-el-exterior\/","title":{"rendered":"Venezuela reafirma la fusi\u00f3n c\u00edvico-militar-policial frente a las amenazas fascistas desde el exterior"},"content":{"rendered":"\n<p><strong>Los Pr\u00f3ceres, Caracas.- <\/strong>El presidente de la Rep\u00fablica Bolivariana de Venezuela y Comandante en Jefe del la Fuerza Armada Nacional Bolivariana,<a><\/a> Nicol\u00e1s Maduro, destac\u00f3 la situaci\u00f3n actual del pa\u00eds y el contexto internacional, haciendo un llamado urgente a la unidad y resistencia del pueblo venezolano.<\/p>\n\n\n\n<p>Durante su discurso, en el acto conmemorativo del Bicentenario de la Batalla de Ayacucho, el jefe de Estado afirm\u00f3: \u00abAl imperio y a la derecha fascista se les agot\u00f3 el \u201cmanual de las conspiraciones\u201d. Han aplicado todo en nuestro pa\u00eds\u00bb, refiri\u00e9ndose a los intentos de desestabilizaci\u00f3n que enfrenta Venezuela.<\/p>\n\n\n\n<p>El mandatario tambi\u00e9n se hizo eco de los acontecimientos en Siria e indic\u00f3: \u00abEstamos observando el desarrollo de las recientes circunstancias\u00bb.<\/p>\n\n\n\n<p>Aludi\u00f3 la influencia de actores externos en la pol\u00edtica interna de los pa\u00edses de la Regi\u00f3n.<\/p>\n\n\n\n<p><strong>Pueblo unificado es garant\u00eda de paz<\/strong><\/p>\n\n\n\n<p>Desde el Paseo Monumental de Los Pr\u00f3ceres, el Mandatario venezolanos se pronunci\u00f3 sobre las amenazas de actores fascistas que buscan desestabilizar a nuestra Naci\u00f3n, en un momento en que el caos intenta hacer eco en el mundo.<\/p>\n\n\n\n<p>\u00abEl pueblo de Venezuela, en fusi\u00f3n perfecta popular-militar-policial, va a triunfar por el camino de la paz y prevalecer\u00e1 la Constituci\u00f3n\u00bb.<\/p>\n\n\n\n<p>En este sentido, enfatiz\u00f3: \u00abEl pueblo de Venezuela est\u00e1 m\u00e1s despierto y rebelde, llevando los sue\u00f1os, las banderas y las utop\u00edas gigantes, de pie\u00bb.<\/p>\n\n\n\n<p><strong>\u00ab\u00a1Que viva la historia de Ayacucho!\u00bb<\/strong><\/p>\n\n\n\n<p>El Dignatario convoc\u00f3 especialmente a los \u00abmilitares de la Patria Grande\u00bb, y evoc\u00f3: \u00abHoy, Ayacucho nos llama a la uni\u00f3n, a una nueva liberaci\u00f3n y proceso de Nuestra Am\u00e9rica\u00bb.<\/p>\n\n\n\n<p>Este llamado a la cohesi\u00f3n regional subraya la necesidad de una respuesta conjunta ante las amenazas externas y los desaf\u00edos internos que enfrentan las naciones latinoamericanas.<\/p>\n\n\n\n<p>El jefe de Estado concluy\u00f3 su mensaje instando a cesar \u00abla intriga, divisi\u00f3n y la cobard\u00eda de los que se someten a chantajes imperiales, negando las banderas de Bol\u00edvar\u00bb.<\/p>\n\n\n\n<p>Con estas palabras, reafirm\u00f3 su compromiso con la soberan\u00eda y la lucha por la justicia social en la regi\u00f3n, invitando a todo el pueblo a mantenerse alerta y unidos ante los desaf\u00edos que vienen.<\/p>\n\n\n\n<p>\u00abSeamos dignos herederos de esta grandeza, de esta hermosura y digamos desde nuestro coraz\u00f3n: \u00a1Que viva la historia de Ayacucho! \u00a1Que viva el Gran Mariscal Sucre! \u00a1Que viva Bol\u00edvar! \u00a1Que viva la Patria Grande!\u00bb, concluy\u00f3 el Presidente.<\/p>\n\n\n\n<p><strong>Prensa Presidencial \/ Luis Tavera<\/strong><\/p>\n","protected":false},"excerpt":{"rendered":"<p>Los Pr\u00f3ceres, Caracas.- El presidente de la Rep\u00fablica Bolivariana de Venezuela y Comandante en Jefe del la Fuerza Armada Nacional Bolivariana, Nicol\u00e1s Maduro, destac\u00f3 la situaci\u00f3n actual del pa\u00eds y el contexto internacional, haciendo un llamado urgente a la unidad y resistencia del pueblo venezolano. Durante su discurso, en el acto conmemorativo del Bicentenario de [&hellip;]<\/p>\n","protected":false},"author":1,"featured_media":15534,"comment_status":"open","ping_status":"open","sticky":false,"template":"","format":"standard","meta":{"footnotes":""},"categories":[18,7],"tags":[1140,1141,88,20],"class_list":["post-15533","post","type-post","status-publish","format-standard","has-post-thumbnail","hentry","category-noticias-principales","category-notas-de-prensa","tag-amenazas","tag-fusion","tag-siria","tag-venezuela"],"_links":{"self":[{"href":"https:\/\/prensapresidencialvenezuela.gob.ve\/index.php\/wp-json\/wp\/v2\/posts\/15533","targetHints":{"allow":["GET"]}}],"collection":[{"href":"https:\/\/prensapresidencialvenezuela.gob.ve\/index.php\/wp-json\/wp\/v2\/posts"}],"about":[{"href":"https:\/\/prensapresidencialvenezuela.gob.ve\/index.php\/wp-json\/wp\/v2\/types\/post"}],"author":[{"embeddable":true,"href":"https:\/\/prensapresidencialvenezuela.gob.ve\/index.php\/wp-json\/wp\/v2\/users\/1"}],"replies":[{"embeddable":true,"href":"https:\/\/prensapresidencialvenezuela.gob.ve\/index.php\/wp-json\/wp\/v2\/comments?post=15533"}],"version-history":[{"count":1,"href":"https:\/\/prensapresidencialvenezuela.gob.ve\/index.php\/wp-json\/wp\/v2\/posts\/15533\/revisions"}],"predecessor-version":[{"id":15535,"href":"https:\/\/prensapresidencialvenezuela.gob.ve\/index.php\/wp-json\/wp\/v2\/posts\/15533\/revisions\/15535"}],"wp:featuredmedia":[{"embeddable":true,"href":"https:\/\/prensapresidencialvenezuela.gob.ve\/index.php\/wp-json\/wp\/v2\/media\/15534"}],"wp:attachment":[{"href":"https:\/\/prensapresidencialvenezuela.gob.ve\/index.php\/wp-json\/wp\/v2\/media?parent=15533"}],"wp:term":[{"taxonomy":"category","embeddable":true,"href":"https:\/\/prensapresidencialvenezuela.gob.ve\/index.php\/wp-json\/wp\/v2\/categories?post=15533"},{"taxonomy":"post_tag","embeddable":true,"href":"https:\/\/prensapresidencialvenezuela.gob.ve\/index.php\/wp-json\/wp\/v2\/tags?post=15533"}],"curies":[{"name":"wp","href":"https:\/\/api.w.org\/{rel}","templated":true}]}}