{"id":15547,"date":"2024-12-10T17:34:14","date_gmt":"2024-12-10T21:34:14","guid":{"rendered":"https:\/\/prensapresidencialvenezuela.gob.ve\/?p=15547"},"modified":"2024-12-10T17:34:15","modified_gmt":"2024-12-10T21:34:15","slug":"pueblo-venezolano-conmemora-165-anos-de-la-batalla-de-santa-ines","status":"publish","type":"post","link":"https:\/\/prensapresidencialvenezuela.gob.ve\/index.php\/2024\/12\/10\/pueblo-venezolano-conmemora-165-anos-de-la-batalla-de-santa-ines\/","title":{"rendered":"Pueblo venezolano conmemora 165 A\u00f1os de la Batalla de Santa In\u00e9s"},"content":{"rendered":"\n<p><strong>Palacio de Miraflores, Caracas.<\/strong>&#8211; Desde la hist\u00f3rica avenida Libertador se moviliz\u00f3 una marcha para conmemorar los 165 a\u00f1os de la batalla de Santa In\u00e9s, fueron recibidos en las adyacencias del Palacio de Miraflores por el presidente de la Rep\u00fablica Bolivariana de Venezuela, Nicol\u00e1s Maduro Moros.<\/p>\n\n\n\n<p>En esta emotiva celebraci\u00f3n, los asistentes, que inclu\u00edan comunas y representantes del Poder Popular, alzaron su voz en honor a una de las gestas m\u00e1s significativas que otorgaron la libertad del pa\u00eds.<\/p>\n\n\n\n<p>La batalla, que tuvo lugar en 1859, enfrent\u00f3 a las fuerzas del revolucionario Ezequiel Zamora contra las tropas del general conservador Pedro Estanislao Ramos, en lo que hoy se conoce como el estado Barinas.<\/p>\n\n\n\n<p>Este acontecimiento se considera fundamental para el triunfo del federalismo durante la Guerra Civil Venezolana.<\/p>\n\n\n\n<p>Los participantes, entre campesinos, pescadores, trabajadores y estudiantes, expresaron sus reflexiones sobre la relevante efem\u00e9ride y la marcha, as\u00ed como las pol\u00edticas agrarias impulsadas por el Gobierno actual.<\/p>\n\n\n\n<p>Este evento no solo reivindica un cap\u00edtulo significativo de la historia venezolana, sino que tambi\u00e9n reafirma el compromiso del pueblo con la defensa de sus derechos y su legado, alzando su voz en un f\u00e9rreo apoyo a la soberan\u00eda y la lucha agraria en el pa\u00eds.<\/p>\n\n\n\n<p>La batalla de Santa In\u00e9s contin\u00faa siendo un s\u00edmbolo de inspiraci\u00f3n para las generaciones actuales, en su empe\u00f1o por construir un futuro m\u00e1s justo y equitativo.<\/p>\n\n\n\n<p><strong>Prensa Presidencial \/ Luis Tavera<\/strong><\/p>\n","protected":false},"excerpt":{"rendered":"<p>Palacio de Miraflores, Caracas.&#8211; Desde la hist\u00f3rica avenida Libertador se moviliz\u00f3 una marcha para conmemorar los 165 a\u00f1os de la batalla de Santa In\u00e9s, fueron recibidos en las adyacencias del Palacio de Miraflores por el presidente de la Rep\u00fablica Bolivariana de Venezuela, Nicol\u00e1s Maduro Moros. En esta emotiva celebraci\u00f3n, los asistentes, que inclu\u00edan comunas y [&hellip;]<\/p>\n","protected":false},"author":1,"featured_media":15548,"comment_status":"open","ping_status":"open","sticky":false,"template":"","format":"standard","meta":{"footnotes":""},"categories":[18,7],"tags":[19,27,20],"class_list":["post-15547","post","type-post","status-publish","format-standard","has-post-thumbnail","hentry","category-noticias-principales","category-notas-de-prensa","tag-nicolas-maduro","tag-revolucion-bolivariana","tag-venezuela"],"_links":{"self":[{"href":"https:\/\/prensapresidencialvenezuela.gob.ve\/index.php\/wp-json\/wp\/v2\/posts\/15547","targetHints":{"allow":["GET"]}}],"collection":[{"href":"https:\/\/prensapresidencialvenezuela.gob.ve\/index.php\/wp-json\/wp\/v2\/posts"}],"about":[{"href":"https:\/\/prensapresidencialvenezuela.gob.ve\/index.php\/wp-json\/wp\/v2\/types\/post"}],"author":[{"embeddable":true,"href":"https:\/\/prensapresidencialvenezuela.gob.ve\/index.php\/wp-json\/wp\/v2\/users\/1"}],"replies":[{"embeddable":true,"href":"https:\/\/prensapresidencialvenezuela.gob.ve\/index.php\/wp-json\/wp\/v2\/comments?post=15547"}],"version-history":[{"count":1,"href":"https:\/\/prensapresidencialvenezuela.gob.ve\/index.php\/wp-json\/wp\/v2\/posts\/15547\/revisions"}],"predecessor-version":[{"id":15549,"href":"https:\/\/prensapresidencialvenezuela.gob.ve\/index.php\/wp-json\/wp\/v2\/posts\/15547\/revisions\/15549"}],"wp:featuredmedia":[{"embeddable":true,"href":"https:\/\/prensapresidencialvenezuela.gob.ve\/index.php\/wp-json\/wp\/v2\/media\/15548"}],"wp:attachment":[{"href":"https:\/\/prensapresidencialvenezuela.gob.ve\/index.php\/wp-json\/wp\/v2\/media?parent=15547"}],"wp:term":[{"taxonomy":"category","embeddable":true,"href":"https:\/\/prensapresidencialvenezuela.gob.ve\/index.php\/wp-json\/wp\/v2\/categories?post=15547"},{"taxonomy":"post_tag","embeddable":true,"href":"https:\/\/prensapresidencialvenezuela.gob.ve\/index.php\/wp-json\/wp\/v2\/tags?post=15547"}],"curies":[{"name":"wp","href":"https:\/\/api.w.org\/{rel}","templated":true}]}}