{"id":1557,"date":"2022-03-21T15:27:00","date_gmt":"2022-03-21T15:27:00","guid":{"rendered":"http:\/\/172.27.0.121\/?p=1557"},"modified":"2022-06-29T15:30:36","modified_gmt":"2022-06-29T15:30:36","slug":"presidente-maduro-recibe-cartas-credenciales-del-embajador-de-trinidad-y-tobago","status":"publish","type":"post","link":"https:\/\/prensapresidencialvenezuela.gob.ve\/index.php\/2022\/03\/21\/presidente-maduro-recibe-cartas-credenciales-del-embajador-de-trinidad-y-tobago\/","title":{"rendered":"Presidente Maduro recibe cartas credenciales del embajador de Trinidad y Tobago"},"content":{"rendered":"\n<p><strong>Palacio de Miraflores, Caracas.- &nbsp;<\/strong>Desde el sal\u00f3n Sol del Per\u00fa del Palacio de Miraflores, ubicado en Caracas, el jefe de Estado y Gobierno, Nicol\u00e1s Maduro Moros, recibe este lunes las Cartas Credenciales del excelent\u00edsimo se\u00f1or Edmund Dillon, embajador designado por la Rep\u00fablica Trinidad y Tobago ante la Rep\u00fablica Bolivariana de Venezuela.<\/p>\n\n\n\n<p>Dillon se encuentra en Venezuela desde el pasado 4 de febrero, fecha en la que arrib\u00f3 al Aeropuerto Internacional \u201cSim\u00f3n Bol\u00edvar\u201d de Maiquet\u00eda. A su llegada, el diplom\u00e1tico trinitense expres\u00f3 sus mayores deseos para continuar la cooperaci\u00f3n entre ambas naciones.<\/p>\n\n\n\n<p>Previo a su designaci\u00f3n como Embajador de Trinidad y Tobago, Dillon se desempe\u00f1\u00f3 como militar de las Fuerzas de Defensa de Trinidad y Tobago, posteriormente fungi\u00f3 como Jefe de Estado Mayor (2005), fue Ministro de Seguridad Nacional (2015-2016), sirvi\u00f3 como funcionario castrense por 36 a\u00f1os para la naci\u00f3n caribe\u00f1a.<\/p>\n\n\n\n<p>Fue nombrado como Embajador ante la Rep\u00fablica Bolivariana de Venezuela el 17 de agosto de 2021.<\/p>\n\n\n\n<p>Venezuela y Trinidad y Tobago mantienen relaciones de respeto mutuo desde 1986. A partir de la llegada de la Revoluci\u00f3n Bolivariana, las relaciones bilaterales sobre la base de la hermandad se han incrementado a favor de ambos pueblos.<\/p>\n\n\n\n<p>De esta manera, el Gobierno Nacional afianza la Diplomacia Bolivariana de Paz bajo los principios de cooperaci\u00f3n, complementariedad, solidaridad y respeto al Derecho Internacional para la construcci\u00f3n de un mundo multic\u00e9ntrico y pluripolar.<\/p>\n\n\n\n<p><strong>Prensa Presidencial\/Eduardo Hueck<\/strong><\/p>\n","protected":false},"excerpt":{"rendered":"<p>Palacio de Miraflores, Caracas.- &nbsp;Desde el sal\u00f3n Sol del Per\u00fa del Palacio de Miraflores, ubicado en Caracas, el jefe de Estado y Gobierno, Nicol\u00e1s Maduro Moros, recibe este lunes las Cartas Credenciales del excelent\u00edsimo se\u00f1or Edmund Dillon, embajador designado por la Rep\u00fablica Trinidad y Tobago ante la Rep\u00fablica Bolivariana de Venezuela. Dillon se encuentra en [&hellip;]<\/p>\n","protected":false},"author":6,"featured_media":1558,"comment_status":"open","ping_status":"open","sticky":false,"template":"","format":"standard","meta":{"footnotes":""},"categories":[7],"tags":[],"class_list":["post-1557","post","type-post","status-publish","format-standard","has-post-thumbnail","hentry","category-notas-de-prensa"],"_links":{"self":[{"href":"https:\/\/prensapresidencialvenezuela.gob.ve\/index.php\/wp-json\/wp\/v2\/posts\/1557","targetHints":{"allow":["GET"]}}],"collection":[{"href":"https:\/\/prensapresidencialvenezuela.gob.ve\/index.php\/wp-json\/wp\/v2\/posts"}],"about":[{"href":"https:\/\/prensapresidencialvenezuela.gob.ve\/index.php\/wp-json\/wp\/v2\/types\/post"}],"author":[{"embeddable":true,"href":"https:\/\/prensapresidencialvenezuela.gob.ve\/index.php\/wp-json\/wp\/v2\/users\/6"}],"replies":[{"embeddable":true,"href":"https:\/\/prensapresidencialvenezuela.gob.ve\/index.php\/wp-json\/wp\/v2\/comments?post=1557"}],"version-history":[{"count":1,"href":"https:\/\/prensapresidencialvenezuela.gob.ve\/index.php\/wp-json\/wp\/v2\/posts\/1557\/revisions"}],"predecessor-version":[{"id":1559,"href":"https:\/\/prensapresidencialvenezuela.gob.ve\/index.php\/wp-json\/wp\/v2\/posts\/1557\/revisions\/1559"}],"wp:featuredmedia":[{"embeddable":true,"href":"https:\/\/prensapresidencialvenezuela.gob.ve\/index.php\/wp-json\/wp\/v2\/media\/1558"}],"wp:attachment":[{"href":"https:\/\/prensapresidencialvenezuela.gob.ve\/index.php\/wp-json\/wp\/v2\/media?parent=1557"}],"wp:term":[{"taxonomy":"category","embeddable":true,"href":"https:\/\/prensapresidencialvenezuela.gob.ve\/index.php\/wp-json\/wp\/v2\/categories?post=1557"},{"taxonomy":"post_tag","embeddable":true,"href":"https:\/\/prensapresidencialvenezuela.gob.ve\/index.php\/wp-json\/wp\/v2\/tags?post=1557"}],"curies":[{"name":"wp","href":"https:\/\/api.w.org\/{rel}","templated":true}]}}