{"id":15575,"date":"2024-12-11T17:13:34","date_gmt":"2024-12-11T21:13:34","guid":{"rendered":"https:\/\/prensapresidencialvenezuela.gob.ve\/?p=15575"},"modified":"2024-12-11T17:18:41","modified_gmt":"2024-12-11T21:18:41","slug":"presidente-lidera-acto-de-ascensos-de-la-guardia-de-honor-presidencial","status":"publish","type":"post","link":"https:\/\/prensapresidencialvenezuela.gob.ve\/index.php\/2024\/12\/11\/presidente-lidera-acto-de-ascensos-de-la-guardia-de-honor-presidencial\/","title":{"rendered":"Presidente lidera acto de ascensos de la Guardia de Honor Presidencial y la DGCIM"},"content":{"rendered":"\n<p><strong>Fuerte Tiuna, Caracas.-<\/strong> En el Patio de Honor de la Unidad Especial de Aseguramiento a Personalidades, el presidente de la Rep\u00fablica Bolivariana de Venezuela, Nicol\u00e1s Maduro Moros, lider\u00f3 la ceremonia de ascensos del personal de Tropas Profesionales y Oficiales adscritos a las Guardia de Honor Presidencial (GHP) y la Direcci\u00f3n de Contrainteligencia Militar (DGCIM).<\/p>\n\n\n\n<p>En este acto ascienden 125 Guardias de Honor Presidencial, en los siguientes grados y jerarqu\u00edas:<\/p>\n\n\n\n<p>&#8211; Tte Coronel.<\/p>\n\n\n\n<p>&#8211; Mayor<\/p>\n\n\n\n<p>&#8211; Capit\u00e1n de Corbeta<\/p>\n\n\n\n<p>&#8211; Capit\u00e1n<\/p>\n\n\n\n<p>&#8211; Teniente de Nav\u00edo<\/p>\n\n\n\n<p>&#8211; S\/M de 2da<\/p>\n\n\n\n<p>&#8211; S\/M de 3ra<\/p>\n\n\n\n<p>Con los ascensos de estos hombres y mujeres que forman parte de la gloriosa&nbsp; Fuerza Armada Nacional Bolivariana (FANB), se demuestra a\u00fan m\u00e1s la uni\u00f3n c\u00edvico-militar de la&nbsp; instituci\u00f3n, columna vertebral de la paz, de la defensa de la Constituci\u00f3n y de la Rep\u00fablica.<\/p>\n\n\n\n<p>El jefe de Estado reconoce, con m\u00e1s fortaleza, los 209 a\u00f1os de la GHP, por su calidad de servicio, moral, entrega y el esp\u00edritu revolucionario de cada uno de los garantes de la defensa de la soberan\u00eda de la Patria.<\/p>\n\n\n\n<p>Es importante resaltar que la fortaleza profesional, institucional y moral de la GHP y de la DGCIM, han permitido detectar a tiempo las m\u00faltiples conspiraciones del imperio y sus aliados en contra de la Patria venezolana.<\/p>\n\n\n\n<p>En la actividad, estuvo presente parte del Alto Mando Militar, como el G\/J Vladimir Padrino L\u00f3pez, vicepresidente sectorial de Soberan\u00eda y Paz; el G\/J Domingo Hern\u00e1ndez L\u00e1rez, Comandante Estrat\u00e9gico Operacional; el M\/G Jos\u00e9 Ornelas&nbsp; Ferrerira, jefe de Estado Mayor de la Comandancia en Jefe.<\/p>\n\n\n\n<p>Adem\u00e1s, estuvo presente el M\/G Javier Jos\u00e9 Marcano Tabata, comandante&nbsp; de la Guardia de Honor Presidencial; el M\/G Elio Estrada Paredes, comandante general de la Guardia Nacional Bolivariana; el M\/G Hern\u00e1ndez L\u00e1rez Johan, comandante general del Ej\u00e9rcito Bolivariano, Almirante Ashraf Abdel Hadi Suleim\u00e1n Guti\u00e9rrez; comandante general de la Armada Bolivariana; M\/G Lenin Ram\u00edrez Villasmil, Comandante general de la Aviaci\u00f3n Militar Bolivariana; y el M\/G Orlando Romero Bol\u00edvar, Comandante general de la Milicia Bolivariana.<\/p>\n\n\n\n<p>En esta l\u00ednea, es de inter\u00e9s mencionar que el d\u00eda de ayer, durante la Gran Concentraci\u00f3n en conmemoraci\u00f3n de los 165 a\u00f1os de la batalla de Santa In\u00e9s, el Presidente aprob\u00f3 la creaci\u00f3n de las Brigadas de Milicianos (as), de la Guardia de Honor Presidencial, quienes contar\u00e1n con el m\u00e1ximo entrenamiento y articulaci\u00f3n popular.<\/p>\n\n\n\n<p><strong>Prensa Presidencial\/ Irmary D\u00edaz<\/strong><\/p>\n","protected":false},"excerpt":{"rendered":"<p>Fuerte Tiuna, Caracas.- En el Patio de Honor de la Unidad Especial de Aseguramiento a Personalidades, el presidente de la Rep\u00fablica Bolivariana de Venezuela, Nicol\u00e1s Maduro Moros, lider\u00f3 la ceremonia de ascensos del personal de Tropas Profesionales y Oficiales adscritos a las Guardia de Honor Presidencial (GHP) y la Direcci\u00f3n de Contrainteligencia Militar (DGCIM). En [&hellip;]<\/p>\n","protected":false},"author":1,"featured_media":15576,"comment_status":"open","ping_status":"open","sticky":false,"template":"","format":"standard","meta":{"footnotes":""},"categories":[18,7],"tags":[1142,624,536],"class_list":["post-15575","post","type-post","status-publish","format-standard","has-post-thumbnail","hentry","category-noticias-principales","category-notas-de-prensa","tag-acto","tag-ascensos","tag-ghp"],"_links":{"self":[{"href":"https:\/\/prensapresidencialvenezuela.gob.ve\/index.php\/wp-json\/wp\/v2\/posts\/15575","targetHints":{"allow":["GET"]}}],"collection":[{"href":"https:\/\/prensapresidencialvenezuela.gob.ve\/index.php\/wp-json\/wp\/v2\/posts"}],"about":[{"href":"https:\/\/prensapresidencialvenezuela.gob.ve\/index.php\/wp-json\/wp\/v2\/types\/post"}],"author":[{"embeddable":true,"href":"https:\/\/prensapresidencialvenezuela.gob.ve\/index.php\/wp-json\/wp\/v2\/users\/1"}],"replies":[{"embeddable":true,"href":"https:\/\/prensapresidencialvenezuela.gob.ve\/index.php\/wp-json\/wp\/v2\/comments?post=15575"}],"version-history":[{"count":2,"href":"https:\/\/prensapresidencialvenezuela.gob.ve\/index.php\/wp-json\/wp\/v2\/posts\/15575\/revisions"}],"predecessor-version":[{"id":15579,"href":"https:\/\/prensapresidencialvenezuela.gob.ve\/index.php\/wp-json\/wp\/v2\/posts\/15575\/revisions\/15579"}],"wp:featuredmedia":[{"embeddable":true,"href":"https:\/\/prensapresidencialvenezuela.gob.ve\/index.php\/wp-json\/wp\/v2\/media\/15576"}],"wp:attachment":[{"href":"https:\/\/prensapresidencialvenezuela.gob.ve\/index.php\/wp-json\/wp\/v2\/media?parent=15575"}],"wp:term":[{"taxonomy":"category","embeddable":true,"href":"https:\/\/prensapresidencialvenezuela.gob.ve\/index.php\/wp-json\/wp\/v2\/categories?post=15575"},{"taxonomy":"post_tag","embeddable":true,"href":"https:\/\/prensapresidencialvenezuela.gob.ve\/index.php\/wp-json\/wp\/v2\/tags?post=15575"}],"curies":[{"name":"wp","href":"https:\/\/api.w.org\/{rel}","templated":true}]}}