{"id":15580,"date":"2024-12-11T17:43:52","date_gmt":"2024-12-11T21:43:52","guid":{"rendered":"https:\/\/prensapresidencialvenezuela.gob.ve\/?p=15580"},"modified":"2024-12-11T17:43:53","modified_gmt":"2024-12-11T21:43:53","slug":"nicolas-maduro-me-honra-presidir-los-ascensos-militares-de-la-guardia-de-honor-y-de-la-dgcim","status":"publish","type":"post","link":"https:\/\/prensapresidencialvenezuela.gob.ve\/index.php\/2024\/12\/11\/nicolas-maduro-me-honra-presidir-los-ascensos-militares-de-la-guardia-de-honor-y-de-la-dgcim\/","title":{"rendered":"Nicol\u00e1s Maduro: \u00abMe honra presidir los ascensos militares de la Guardia de Honor y de la DGCIM\u00bb"},"content":{"rendered":"\n<p><strong>Prensa Presidencial.- <\/strong>El presidente de la Rep\u00fablica Bolivariana de Venezuela, Nicol\u00e1s Maduro, presidi\u00f3 la formaci\u00f3n de parada en el acto de ascenso del personal militar adscrito a la Guardia de Honor Presidencial y a la Direcci\u00f3n de Contrainteligencia Militar DGCIM, en el Fuerte Tiuna, en la ciudad de Caracas..<\/p>\n\n\n\n<p>En este acto de ascenso el presidente Maduro afirm\u00f3 que ambos contingentes militares defienden la paz y garantizan la construcci\u00f3n, la prosperidad y el futuro de la Patria.<\/p>\n\n\n\n<p>\u00abLa Guardia de Honor es una gran familia, heredera de las glorias inmensas de nuestro Libertador Sim\u00f3n Bol\u00edvar, quien fund\u00f3 este, en 1815, este cuerpo hist\u00f3rico de combatientes. Y esta Guardia de Honor acompa\u00f1\u00f3 a Bol\u00edvar en las batallas de Boyac\u00e1, en Carabobo, en Bombon\u00e1 y en Pichincha, en los campos victoriosos de Jun\u00edn y de Ayacucho, exactamente hace 200 a\u00f1os\u00bb.<\/p>\n\n\n\n<p>El Jefe de Estado afirma que la Guardia de Honor Presidencial liber\u00f3 a los hijos del Sol y a Suram\u00e9rica, y que tambi\u00e9n, adem\u00e1s de Bol\u00edvar, protegi\u00f3 al comandante Ch\u00e1vez, con lealtad y eficiencia.<\/p>\n\n\n\n<p>\u00abLa Guardia de Honor Presidencial cuid\u00f3 a Bol\u00edvar, a nuestro amado comandante Ch\u00e1vez y me ha protegido a m\u00ed, y juntos hemos derrotado todas las acechanzas terroristas y fascistas, y juntos vamos a seguir derrot\u00e1ndolos, porque en Venezuela seguir\u00e1 triunfando la paz, la vida, la estabilidad y la uni\u00f3n familiar\u00bb.<\/p>\n\n\n\n<p><strong>Palacio de Miraflores\/Orlando Ruiz<\/strong><\/p>\n\n\n\n<figure class=\"wp-block-table\"><table class=\"has-fixed-layout\"><tbody><tr><td><\/td><td><\/td><\/tr><\/tbody><\/table><\/figure>\n","protected":false},"excerpt":{"rendered":"<p>Prensa Presidencial.- El presidente de la Rep\u00fablica Bolivariana de Venezuela, Nicol\u00e1s Maduro, presidi\u00f3 la formaci\u00f3n de parada en el acto de ascenso del personal militar adscrito a la Guardia de Honor Presidencial y a la Direcci\u00f3n de Contrainteligencia Militar DGCIM, en el Fuerte Tiuna, en la ciudad de Caracas.. En este acto de ascenso el [&hellip;]<\/p>\n","protected":false},"author":1,"featured_media":15581,"comment_status":"open","ping_status":"open","sticky":false,"template":"","format":"standard","meta":{"footnotes":""},"categories":[18,7],"tags":[],"class_list":["post-15580","post","type-post","status-publish","format-standard","has-post-thumbnail","hentry","category-noticias-principales","category-notas-de-prensa"],"_links":{"self":[{"href":"https:\/\/prensapresidencialvenezuela.gob.ve\/index.php\/wp-json\/wp\/v2\/posts\/15580","targetHints":{"allow":["GET"]}}],"collection":[{"href":"https:\/\/prensapresidencialvenezuela.gob.ve\/index.php\/wp-json\/wp\/v2\/posts"}],"about":[{"href":"https:\/\/prensapresidencialvenezuela.gob.ve\/index.php\/wp-json\/wp\/v2\/types\/post"}],"author":[{"embeddable":true,"href":"https:\/\/prensapresidencialvenezuela.gob.ve\/index.php\/wp-json\/wp\/v2\/users\/1"}],"replies":[{"embeddable":true,"href":"https:\/\/prensapresidencialvenezuela.gob.ve\/index.php\/wp-json\/wp\/v2\/comments?post=15580"}],"version-history":[{"count":1,"href":"https:\/\/prensapresidencialvenezuela.gob.ve\/index.php\/wp-json\/wp\/v2\/posts\/15580\/revisions"}],"predecessor-version":[{"id":15582,"href":"https:\/\/prensapresidencialvenezuela.gob.ve\/index.php\/wp-json\/wp\/v2\/posts\/15580\/revisions\/15582"}],"wp:featuredmedia":[{"embeddable":true,"href":"https:\/\/prensapresidencialvenezuela.gob.ve\/index.php\/wp-json\/wp\/v2\/media\/15581"}],"wp:attachment":[{"href":"https:\/\/prensapresidencialvenezuela.gob.ve\/index.php\/wp-json\/wp\/v2\/media?parent=15580"}],"wp:term":[{"taxonomy":"category","embeddable":true,"href":"https:\/\/prensapresidencialvenezuela.gob.ve\/index.php\/wp-json\/wp\/v2\/categories?post=15580"},{"taxonomy":"post_tag","embeddable":true,"href":"https:\/\/prensapresidencialvenezuela.gob.ve\/index.php\/wp-json\/wp\/v2\/tags?post=15580"}],"curies":[{"name":"wp","href":"https:\/\/api.w.org\/{rel}","templated":true}]}}