{"id":15657,"date":"2024-12-12T22:00:43","date_gmt":"2024-12-13T02:00:43","guid":{"rendered":"https:\/\/prensapresidencialvenezuela.gob.ve\/?p=15657"},"modified":"2024-12-12T22:00:44","modified_gmt":"2024-12-13T02:00:44","slug":"presidente-maduro-instruye-incluir-la-inteligencia-artificial-ia-en-el-plan-de-las-7t","status":"publish","type":"post","link":"https:\/\/prensapresidencialvenezuela.gob.ve\/index.php\/2024\/12\/12\/presidente-maduro-instruye-incluir-la-inteligencia-artificial-ia-en-el-plan-de-las-7t\/","title":{"rendered":"Presidente Maduro instruye incluir la Inteligencia Artificial (IA) en el Plan de las 7T"},"content":{"rendered":"\n<p><strong>Altos de Pipe, estado Miranda.- <\/strong>El presidente de la Rep\u00fablica Bolivariana de Venezuela, Nicol\u00e1s Maduro Moros, le instruy\u00f3 a la vicepresidenta de Rep\u00fablica, Delcy Rodr\u00edguez, a incluir la Inteligencia Artificial (IA) en el plan a 6 a\u00f1os, Plan de las 7T, como una de las m\u00e1s grandes prioridades de Venezuela.<\/p>\n\n\n\n<p>En este sentido, inst\u00f3 a articular todos los centros de investigaci\u00f3n, de producci\u00f3n de ciencia y tecnolog\u00eda, as\u00ed como la integraci\u00f3n de todos los centros cient\u00edficos, las regiones y universidades, para as\u00ed ejercer la unificaci\u00f3n de los centros de formaci\u00f3n, investigaci\u00f3n, producci\u00f3n de ciencia con el Semillero Cient\u00edfico del pa\u00eds.<\/p>\n\n\n\n<p>La ministra del Poder Popular para la Salud, acot\u00f3 que 72% de las patentes de hoy en d\u00eda de la IA, publicadas, est\u00e1n orientadas hacia la caracterizaci\u00f3n de genes, prote\u00ednas, enfermedades y el dise\u00f1o de f\u00e1rmacos, y todo por medio de\u00a0 modelos computacionales, aplicando IA.<\/p>\n\n\n\n<p>El Mandatario Nacional resalt\u00f3 que en el estudio, conocimiento, manejo y la producci\u00f3n de la IA es una de las m\u00e1s grandes prioridades del pa\u00eds, \u00abporque las potencias del mundo ya han dado un salto gigantesco en esa mater\u00bb.<\/p>\n\n\n\n<p>\u00abSi la IA es utilizada para fines inconfesables o el dominio del mundo se puede utilizar como una ventaja, que ser\u00eda entonces, una amenaza para todos los pueblos del Sur. Hay que desarrollar una IA para construir una sociedad humana y una civilizaci\u00f3n de paz\u00bb, enfatiz\u00f3 el jefe de Estado.<\/p>\n\n\n\n<p>Adem\u00e1s, inform\u00f3 que ya fue instalado el Centro de Desarrollo Cient\u00edfico en Amazonas, para el fortalecimiento del sector salud en la entidad.<\/p>\n\n\n\n<p><strong>Prensa Presidencial \/ Irmary D\u00edaz.<\/strong><\/p>\n","protected":false},"excerpt":{"rendered":"<p>Altos de Pipe, estado Miranda.- El presidente de la Rep\u00fablica Bolivariana de Venezuela, Nicol\u00e1s Maduro Moros, le instruy\u00f3 a la vicepresidenta de Rep\u00fablica, Delcy Rodr\u00edguez, a incluir la Inteligencia Artificial (IA) en el plan a 6 a\u00f1os, Plan de las 7T, como una de las m\u00e1s grandes prioridades de Venezuela. En este sentido, inst\u00f3 a [&hellip;]<\/p>\n","protected":false},"author":1,"featured_media":15658,"comment_status":"open","ping_status":"open","sticky":false,"template":"","format":"standard","meta":{"footnotes":""},"categories":[18,7],"tags":[],"class_list":["post-15657","post","type-post","status-publish","format-standard","has-post-thumbnail","hentry","category-noticias-principales","category-notas-de-prensa"],"_links":{"self":[{"href":"https:\/\/prensapresidencialvenezuela.gob.ve\/index.php\/wp-json\/wp\/v2\/posts\/15657","targetHints":{"allow":["GET"]}}],"collection":[{"href":"https:\/\/prensapresidencialvenezuela.gob.ve\/index.php\/wp-json\/wp\/v2\/posts"}],"about":[{"href":"https:\/\/prensapresidencialvenezuela.gob.ve\/index.php\/wp-json\/wp\/v2\/types\/post"}],"author":[{"embeddable":true,"href":"https:\/\/prensapresidencialvenezuela.gob.ve\/index.php\/wp-json\/wp\/v2\/users\/1"}],"replies":[{"embeddable":true,"href":"https:\/\/prensapresidencialvenezuela.gob.ve\/index.php\/wp-json\/wp\/v2\/comments?post=15657"}],"version-history":[{"count":1,"href":"https:\/\/prensapresidencialvenezuela.gob.ve\/index.php\/wp-json\/wp\/v2\/posts\/15657\/revisions"}],"predecessor-version":[{"id":15659,"href":"https:\/\/prensapresidencialvenezuela.gob.ve\/index.php\/wp-json\/wp\/v2\/posts\/15657\/revisions\/15659"}],"wp:featuredmedia":[{"embeddable":true,"href":"https:\/\/prensapresidencialvenezuela.gob.ve\/index.php\/wp-json\/wp\/v2\/media\/15658"}],"wp:attachment":[{"href":"https:\/\/prensapresidencialvenezuela.gob.ve\/index.php\/wp-json\/wp\/v2\/media?parent=15657"}],"wp:term":[{"taxonomy":"category","embeddable":true,"href":"https:\/\/prensapresidencialvenezuela.gob.ve\/index.php\/wp-json\/wp\/v2\/categories?post=15657"},{"taxonomy":"post_tag","embeddable":true,"href":"https:\/\/prensapresidencialvenezuela.gob.ve\/index.php\/wp-json\/wp\/v2\/tags?post=15657"}],"curies":[{"name":"wp","href":"https:\/\/api.w.org\/{rel}","templated":true}]}}