{"id":1566,"date":"2022-03-23T15:36:00","date_gmt":"2022-03-23T15:36:00","guid":{"rendered":"http:\/\/172.27.0.121\/?p=1566"},"modified":"2022-06-29T15:38:40","modified_gmt":"2022-06-29T15:38:40","slug":"maduro-llama-al-crecimiento-productivo-para-incrementar-exportacion","status":"publish","type":"post","link":"https:\/\/prensapresidencialvenezuela.gob.ve\/index.php\/2022\/03\/23\/maduro-llama-al-crecimiento-productivo-para-incrementar-exportacion\/","title":{"rendered":"Maduro llama al crecimiento productivo para incrementar exportaci\u00f3n"},"content":{"rendered":"\n<p><strong>Parque Bol\u00edvar, estado Miranda.- <\/strong>El autoabastecimiento con producci\u00f3n nacional y el incremento de la vocaci\u00f3n exportadora son los objetivos que se plantea Venezuela, puntualiz\u00f3 el presidente de la Rep\u00fablica, Nicol\u00e1s Maduro.<\/p>\n\n\n\n<p>Desde el Parque Bol\u00edvar, ubicado en el estado Miranda, subray\u00f3 que \u201cpaso a paso, de manera sostenible, Venezuela va a ser un pa\u00eds autoabastecido\u201d, mientras que el car\u00e1cter exportador se ir\u00e1 forjando a trav\u00e9s de alianzas nacionales e internacionales \u201cde gente que quiere producir aqu\u00ed\u201d.<\/p>\n\n\n\n<p>En el contexto de la Expoferia Ovino-Caprina Miranda 2022, se\u00f1al\u00f3 que si bien las medidas coercitivas unilaterales afectaron severamente la econom\u00eda nacional, al mismo tiempo \u201caceler\u00f3 el proceso de superaci\u00f3n de la econom\u00eda rentista e hizo que comenzara a surgir una econom\u00eda diversificada no dependiente de la renta petrolera\u201d.<\/p>\n\n\n\n<p>\u201cCon las sanciones lo que hicimos fue plantarnos, buscar los mejores asesores en econom\u00eda, finanzas, pol\u00edticas fiscales y productivas (\u2026) Hemos salido adelante solos, hay que producir\u201d, recalc\u00f3.<\/p>\n\n\n\n<p><strong>Prensa Presidencial\/Karelis Gonz\u00e1lez<\/strong><\/p>\n\n\n\n<p><\/p>\n","protected":false},"excerpt":{"rendered":"<p>Parque Bol\u00edvar, estado Miranda.- El autoabastecimiento con producci\u00f3n nacional y el incremento de la vocaci\u00f3n exportadora son los objetivos que se plantea Venezuela, puntualiz\u00f3 el presidente de la Rep\u00fablica, Nicol\u00e1s Maduro. Desde el Parque Bol\u00edvar, ubicado en el estado Miranda, subray\u00f3 que \u201cpaso a paso, de manera sostenible, Venezuela va a ser un pa\u00eds autoabastecido\u201d, [&hellip;]<\/p>\n","protected":false},"author":6,"featured_media":1567,"comment_status":"open","ping_status":"open","sticky":false,"template":"","format":"standard","meta":{"footnotes":""},"categories":[7],"tags":[],"class_list":["post-1566","post","type-post","status-publish","format-standard","has-post-thumbnail","hentry","category-notas-de-prensa"],"_links":{"self":[{"href":"https:\/\/prensapresidencialvenezuela.gob.ve\/index.php\/wp-json\/wp\/v2\/posts\/1566","targetHints":{"allow":["GET"]}}],"collection":[{"href":"https:\/\/prensapresidencialvenezuela.gob.ve\/index.php\/wp-json\/wp\/v2\/posts"}],"about":[{"href":"https:\/\/prensapresidencialvenezuela.gob.ve\/index.php\/wp-json\/wp\/v2\/types\/post"}],"author":[{"embeddable":true,"href":"https:\/\/prensapresidencialvenezuela.gob.ve\/index.php\/wp-json\/wp\/v2\/users\/6"}],"replies":[{"embeddable":true,"href":"https:\/\/prensapresidencialvenezuela.gob.ve\/index.php\/wp-json\/wp\/v2\/comments?post=1566"}],"version-history":[{"count":1,"href":"https:\/\/prensapresidencialvenezuela.gob.ve\/index.php\/wp-json\/wp\/v2\/posts\/1566\/revisions"}],"predecessor-version":[{"id":1568,"href":"https:\/\/prensapresidencialvenezuela.gob.ve\/index.php\/wp-json\/wp\/v2\/posts\/1566\/revisions\/1568"}],"wp:featuredmedia":[{"embeddable":true,"href":"https:\/\/prensapresidencialvenezuela.gob.ve\/index.php\/wp-json\/wp\/v2\/media\/1567"}],"wp:attachment":[{"href":"https:\/\/prensapresidencialvenezuela.gob.ve\/index.php\/wp-json\/wp\/v2\/media?parent=1566"}],"wp:term":[{"taxonomy":"category","embeddable":true,"href":"https:\/\/prensapresidencialvenezuela.gob.ve\/index.php\/wp-json\/wp\/v2\/categories?post=1566"},{"taxonomy":"post_tag","embeddable":true,"href":"https:\/\/prensapresidencialvenezuela.gob.ve\/index.php\/wp-json\/wp\/v2\/tags?post=1566"}],"curies":[{"name":"wp","href":"https:\/\/api.w.org\/{rel}","templated":true}]}}