{"id":15684,"date":"2024-12-13T19:13:03","date_gmt":"2024-12-13T23:13:03","guid":{"rendered":"https:\/\/prensapresidencialvenezuela.gob.ve\/?p=15684"},"modified":"2024-12-13T19:33:23","modified_gmt":"2024-12-13T23:33:23","slug":"tao-yitao-venezuela-y-china-marcan-un-nuevo-inicio-en-sus-relaciones-bilaterales","status":"publish","type":"post","link":"https:\/\/prensapresidencialvenezuela.gob.ve\/index.php\/2024\/12\/13\/tao-yitao-venezuela-y-china-marcan-un-nuevo-inicio-en-sus-relaciones-bilaterales\/","title":{"rendered":"Tao Yitao: \u00abVenezuela y China marcan un nuevo inicio en sus relaciones bilaterales\u00bb"},"content":{"rendered":"\n<p><strong>Palacio de Miraflores, Caracas.-<\/strong> La Directora del Centro de Investigaci\u00f3n para Las Zonas Econ\u00f3micas de La Universidad de Shenzhen, China, Tao Yitao, destac\u00f3 que con el exitoso XXV Foro Mundial de Desarrollo de Zonas Econ\u00f3micas Especiales celebrado en la ciudad de Caracas, siendo la primera vez que se lleva a cabo una reuni\u00f3n de este estilo en la regi\u00f3n suramericana, ambas naciones marcan un nuevo inicio en sus relaciones bilaterales. <\/p>\n\n\n\n<p>\u00abEsto no es s\u00f3lo la implementaci\u00f3n del acuerdo firmado entre el se\u00f1or presidente Maduro y el se\u00f1or presidente Xi Jinping, de establecer una asociaci\u00f3n estrat\u00e9gica a todo tiempo [sino que tambi\u00e9n] marca un nuevo inicio del despliegue de las relaciones bilaterales entre ambos pa\u00edses\u00bb, subray\u00f3 Tao Yitao.<\/p>\n\n\n\n<p>La representante de la delegaci\u00f3n de la Rep\u00fablica Popular China enfatiz\u00f3 que la cooperaci\u00f3n ha iniciado con enlaces acad\u00e9micos, sin embargo va extendi\u00e9ndose a otras \u00e1reas estrat\u00e9gicas, en funci\u00f3n del beneficio de ambos pueblo.<\/p>\n\n\n\n<p>Valor\u00f3 que como parte de esta cita internacional, tuvieron la oportunidad de visitar la Zona Econ\u00f3mica Especial de Paraguan\u00e1, lo que le produjo una gran satisfacci\u00f3n.<\/p>\n\n\n\n<p>\u00abLos ecd\u00e9micos (chinos) sienten un\u00e1nimemente que las Zonas Econ\u00f3micas Especiales de Venezuela cuentan con condiciones naturales y abundantes recursos, sobre todo, el pueblo de las Zonas Econ\u00f3micas Especiales de Venezuela cuentan con el entusiasmo de desarrollo que nos conmueve y nos hace ver el futuro econ\u00f3mico de Venezuela\u00bb, ilustr\u00f3 Tao Yitao.<\/p>\n\n\n\n<p><strong>Prensa Presidencial \/ Ana\u00eds P\u00e9rez<\/strong><\/p>\n","protected":false},"excerpt":{"rendered":"<p>Palacio de Miraflores, Caracas.- La Directora del Centro de Investigaci\u00f3n para Las Zonas Econ\u00f3micas de La Universidad de Shenzhen, China, Tao Yitao, destac\u00f3 que con el exitoso XXV Foro Mundial de Desarrollo de Zonas Econ\u00f3micas Especiales celebrado en la ciudad de Caracas, siendo la primera vez que se lleva a cabo una reuni\u00f3n de este [&hellip;]<\/p>\n","protected":false},"author":1,"featured_media":15685,"comment_status":"open","ping_status":"open","sticky":false,"template":"","format":"standard","meta":{"footnotes":""},"categories":[18,7],"tags":[1153,491],"class_list":["post-15684","post","type-post","status-publish","format-standard","has-post-thumbnail","hentry","category-noticias-principales","category-notas-de-prensa","tag-afianzamiento","tag-relaciones"],"_links":{"self":[{"href":"https:\/\/prensapresidencialvenezuela.gob.ve\/index.php\/wp-json\/wp\/v2\/posts\/15684","targetHints":{"allow":["GET"]}}],"collection":[{"href":"https:\/\/prensapresidencialvenezuela.gob.ve\/index.php\/wp-json\/wp\/v2\/posts"}],"about":[{"href":"https:\/\/prensapresidencialvenezuela.gob.ve\/index.php\/wp-json\/wp\/v2\/types\/post"}],"author":[{"embeddable":true,"href":"https:\/\/prensapresidencialvenezuela.gob.ve\/index.php\/wp-json\/wp\/v2\/users\/1"}],"replies":[{"embeddable":true,"href":"https:\/\/prensapresidencialvenezuela.gob.ve\/index.php\/wp-json\/wp\/v2\/comments?post=15684"}],"version-history":[{"count":3,"href":"https:\/\/prensapresidencialvenezuela.gob.ve\/index.php\/wp-json\/wp\/v2\/posts\/15684\/revisions"}],"predecessor-version":[{"id":15689,"href":"https:\/\/prensapresidencialvenezuela.gob.ve\/index.php\/wp-json\/wp\/v2\/posts\/15684\/revisions\/15689"}],"wp:featuredmedia":[{"embeddable":true,"href":"https:\/\/prensapresidencialvenezuela.gob.ve\/index.php\/wp-json\/wp\/v2\/media\/15685"}],"wp:attachment":[{"href":"https:\/\/prensapresidencialvenezuela.gob.ve\/index.php\/wp-json\/wp\/v2\/media?parent=15684"}],"wp:term":[{"taxonomy":"category","embeddable":true,"href":"https:\/\/prensapresidencialvenezuela.gob.ve\/index.php\/wp-json\/wp\/v2\/categories?post=15684"},{"taxonomy":"post_tag","embeddable":true,"href":"https:\/\/prensapresidencialvenezuela.gob.ve\/index.php\/wp-json\/wp\/v2\/tags?post=15684"}],"curies":[{"name":"wp","href":"https:\/\/api.w.org\/{rel}","templated":true}]}}