{"id":15690,"date":"2024-12-13T19:42:38","date_gmt":"2024-12-13T23:42:38","guid":{"rendered":"https:\/\/prensapresidencialvenezuela.gob.ve\/?p=15690"},"modified":"2024-12-13T19:42:39","modified_gmt":"2024-12-13T23:42:39","slug":"presidente-maduro-denuncia-el-silencio-de-la-onu-ante-el-genocidio-en-gaza","status":"publish","type":"post","link":"https:\/\/prensapresidencialvenezuela.gob.ve\/index.php\/2024\/12\/13\/presidente-maduro-denuncia-el-silencio-de-la-onu-ante-el-genocidio-en-gaza\/","title":{"rendered":"Presidente Maduro denuncia el silencio de la ONU ante el genocidio en Gaza"},"content":{"rendered":"\n<p><strong>Palacio de Miraflores, Caracas.-<\/strong> El presidente de la Rep\u00fablica Bolivariana de Venezuela, Nicol\u00e1s Maduro, al indicar que la humanidad merece un \u00abfuturo de paz, con derecho al desarrollo garantizado, de libertad y de independencia, en donde prevalezca de verdad y el derecho internacional\u00bb, denunci\u00f3 el \u00abteatro absurdo en el que se ha convertido la Organizaci\u00f3n de Naciones Unidas, que ante el genocidio, ante el asesinato de los ni\u00f1os, de las ni\u00f1as, de las mujeres en Gaza, guardan silencio cobarde y c\u00f3mplice\u00bb.<\/p>\n\n\n\n<p>Previo a la denuncia, el Jefe de Estado, durante la clausura del XXV Foro Mundial de Desarrollo de Zonas Econ\u00f3micas Especiales (ZEE), argument\u00f3 sobre el futuro que desea la humanidad.<\/p>\n\n\n\n<p>\u00ab \u00bfQueremos un futuro en donde nosotros seamos esclavos de unos amos, de unos due\u00f1os del mundo, un futuro en donde nuestros pa\u00edses sean dominados, como unas especies de colonia y saqueados sus recursos, un futuro en donde haya una sola voz, un solo mando y si no se obedece, caigan las bombas, los misiles, un futuro de guerra?\u00bb, pregunt\u00f3.<\/p>\n\n\n\n<p>Asimismo, el presidente Maduro reafirm\u00f3 el compromiso de Venezuela con la independencia y la construcci\u00f3n de un futuro alternativo, destacando que \u00abese derecho al futuro ya nos lo ganamos y nadie nos va a arrebatar\u00bb, afirm\u00f3, al hacer hincapi\u00e9 en la importancia de seguir transitando el camino hacia la independencia.<\/p>\n\n\n\n<p>El Dignatario durante esta actividad tambi\u00e9n record\u00f3 la herencia hist\u00f3rica del Libertador Sim\u00f3n Bol\u00edvar y l\u00edderes como Mao Zedong, instando a la juventud y a todos los sectores de la sociedad venezolana a mantenerse firmes en su lucha por una nueva humanidad.<\/p>\n\n\n\n<p>\u00abSiempre le digo a la juventud venezolana, a la clase obrera venezolana, a los campesinos, a las mujeres, siempre les digo: \u201cEstamos del lado correcto de la historia, que nadie lo dude, porque estamos del lado de los valores trascendentales de una nueva humanidad, de una nueva civilizaci\u00f3n, de una nueva modernidad\u00bb\u00bb, resalt\u00f3.<\/p>\n\n\n\n<p><strong>Prensa Presidencial \/ Eduardo Hueck<\/strong><\/p>\n","protected":false},"excerpt":{"rendered":"<p>Palacio de Miraflores, Caracas.- El presidente de la Rep\u00fablica Bolivariana de Venezuela, Nicol\u00e1s Maduro, al indicar que la humanidad merece un \u00abfuturo de paz, con derecho al desarrollo garantizado, de libertad y de independencia, en donde prevalezca de verdad y el derecho internacional\u00bb, denunci\u00f3 el \u00abteatro absurdo en el que se ha convertido la Organizaci\u00f3n [&hellip;]<\/p>\n","protected":false},"author":1,"featured_media":15691,"comment_status":"open","ping_status":"open","sticky":false,"template":"","format":"standard","meta":{"footnotes":""},"categories":[18,7],"tags":[],"class_list":["post-15690","post","type-post","status-publish","format-standard","has-post-thumbnail","hentry","category-noticias-principales","category-notas-de-prensa"],"_links":{"self":[{"href":"https:\/\/prensapresidencialvenezuela.gob.ve\/index.php\/wp-json\/wp\/v2\/posts\/15690","targetHints":{"allow":["GET"]}}],"collection":[{"href":"https:\/\/prensapresidencialvenezuela.gob.ve\/index.php\/wp-json\/wp\/v2\/posts"}],"about":[{"href":"https:\/\/prensapresidencialvenezuela.gob.ve\/index.php\/wp-json\/wp\/v2\/types\/post"}],"author":[{"embeddable":true,"href":"https:\/\/prensapresidencialvenezuela.gob.ve\/index.php\/wp-json\/wp\/v2\/users\/1"}],"replies":[{"embeddable":true,"href":"https:\/\/prensapresidencialvenezuela.gob.ve\/index.php\/wp-json\/wp\/v2\/comments?post=15690"}],"version-history":[{"count":1,"href":"https:\/\/prensapresidencialvenezuela.gob.ve\/index.php\/wp-json\/wp\/v2\/posts\/15690\/revisions"}],"predecessor-version":[{"id":15692,"href":"https:\/\/prensapresidencialvenezuela.gob.ve\/index.php\/wp-json\/wp\/v2\/posts\/15690\/revisions\/15692"}],"wp:featuredmedia":[{"embeddable":true,"href":"https:\/\/prensapresidencialvenezuela.gob.ve\/index.php\/wp-json\/wp\/v2\/media\/15691"}],"wp:attachment":[{"href":"https:\/\/prensapresidencialvenezuela.gob.ve\/index.php\/wp-json\/wp\/v2\/media?parent=15690"}],"wp:term":[{"taxonomy":"category","embeddable":true,"href":"https:\/\/prensapresidencialvenezuela.gob.ve\/index.php\/wp-json\/wp\/v2\/categories?post=15690"},{"taxonomy":"post_tag","embeddable":true,"href":"https:\/\/prensapresidencialvenezuela.gob.ve\/index.php\/wp-json\/wp\/v2\/tags?post=15690"}],"curies":[{"name":"wp","href":"https:\/\/api.w.org\/{rel}","templated":true}]}}