{"id":15741,"date":"2024-12-14T19:51:52","date_gmt":"2024-12-14T23:51:52","guid":{"rendered":"https:\/\/prensapresidencialvenezuela.gob.ve\/?p=15741"},"modified":"2024-12-16T11:14:06","modified_gmt":"2024-12-16T15:14:06","slug":"san-vicente-y-las-granadinas-defienden-la-soberania-regional-en-la-xxvi-cumbre-del-alba-tcp","status":"publish","type":"post","link":"https:\/\/prensapresidencialvenezuela.gob.ve\/index.php\/2024\/12\/14\/san-vicente-y-las-granadinas-defienden-la-soberania-regional-en-la-xxvi-cumbre-del-alba-tcp\/","title":{"rendered":"San Vicente y las Granadinas defienden la soberan\u00eda regional en la XXVI Cumbre del ALBA-TCP"},"content":{"rendered":"\n<p><strong>Centro de Convenciones Sim\u00f3n Bol\u00edvar, La Carlota.- <\/strong>Ralph Gonsalves, Primer Ministro de San Vicente y las Granadinas, conmemor\u00f3 el 20\u00ba aniversario de la Alianza Bolivariana para los Pueblos de Nuestra Am\u00e9rica &#8211; Tratado de Comercio de los Pueblos (ALBA-TCP).<\/p>\n\n\n\n<p>En su discurso, Gonsalves enfatiz\u00f3 la alianza forjada entre los comandantes Fidel Castro y Hugo Ch\u00e1vez, que dio origen a esta organizaci\u00f3n \u00fanica y extraordinaria.<\/p>\n\n\n\n<p>Destac\u00f3 el gran significado de esta plataforma de integraci\u00f3n en el desarrollo de los pueblos de la regi\u00f3n y mencion\u00f3 la contribuci\u00f3n del Banco del ALBA y programas como PETROCARIBE, cuyos pa\u00edses propulsores fueron Cuba y Venezuela.<\/p>\n\n\n\n<p>El Primer Ministro agradeci\u00f3 a todos los presentes por su participaci\u00f3n en la XXVI Cumbre de Jefes de Estado y de Gobierno del ALBA-TCP y record\u00f3 la figura hist\u00f3rica y el legado de Jos\u00e9 Mart\u00ed.<\/p>\n\n\n\n<p>Subray\u00f3 la importancia de la unidad y la cooperaci\u00f3n en la lucha por la justicia social.<\/p>\n\n\n\n<p>En un claro llamado a la acci\u00f3n, Gonsalves afirm\u00f3: \u00abLo que quiero para navidad es que lo que se decida en esta Cumbre se ponga en pr\u00e1ctica\u00bb, destacando su deseo de ver concretadas las decisiones tomadas en este encuentro.<\/p>\n\n\n\n<p>Gonsalves tambi\u00e9n conden\u00f3 \u00ablas medidas coercitivas e injustas impuestas contra Cuba y Venezuela\u00bb.<\/p>\n\n\n\n<p>\u00abEl imperialismo ha usado el d\u00f3lar como un arma para atacar a los pa\u00edses de la regi\u00f3n\u00bb, alert\u00f3.<\/p>\n\n\n\n<p>En un acto de reconocimiento, reafirm\u00f3 su apoyo al presidente Nicol\u00e1s Maduro, a quien consider\u00f3 el \u00ableg\u00edtimo presidente, electo democr\u00e1ticamente, de Venezuela\u00bb.<\/p>\n\n\n\n<p>El Primer Ministro rechaz\u00f3 el sionismo israel\u00ed y el genocidio contra el pueblo palestino, declarando: \u00abEl sionismo y Netanyahu quieren barrer la civilizaci\u00f3n palestina\u00bb.<\/p>\n\n\n\n<p>Tambi\u00e9n, ofreci\u00f3 una hermosa met\u00e1fora sobre el ALBA: \u00abmetaf\u00f3ricamente somos una sinfon\u00eda, somos la canci\u00f3n de los pueblos ind\u00edgenas, somos el ritmo de \u00c1frica, la melod\u00eda de Europa, los tambores de Asia y el alma de Am\u00e9rica Latina y el Caribe\u00bb.<\/p>\n\n\n\n<p>Finalmente, Gonsalves concluy\u00f3 que \u00abel ALBA es el producto del genio de nuestros pueblos\u00bb, y enfatiz\u00f3 que esta organizaci\u00f3n se ha unido \u00abenlazados por el amor, la fe, la esperanza\u00bb y por la convicci\u00f3n de que nuestra Regi\u00f3n es de paz.<\/p>\n\n\n\n<p><strong>Prensa Presidencial \/ Luis Tavera<\/strong><\/p>\n","protected":false},"excerpt":{"rendered":"<p>Centro de Convenciones Sim\u00f3n Bol\u00edvar, La Carlota.- Ralph Gonsalves, Primer Ministro de San Vicente y las Granadinas, conmemor\u00f3 el 20\u00ba aniversario de la Alianza Bolivariana para los Pueblos de Nuestra Am\u00e9rica &#8211; Tratado de Comercio de los Pueblos (ALBA-TCP). En su discurso, Gonsalves enfatiz\u00f3 la alianza forjada entre los comandantes Fidel Castro y Hugo Ch\u00e1vez, [&hellip;]<\/p>\n","protected":false},"author":1,"featured_media":15742,"comment_status":"open","ping_status":"open","sticky":false,"template":"","format":"standard","meta":{"footnotes":""},"categories":[18,7],"tags":[179,451,20],"class_list":["post-15741","post","type-post","status-publish","format-standard","has-post-thumbnail","hentry","category-noticias-principales","category-notas-de-prensa","tag-alba-tcp","tag-pueblo","tag-venezuela"],"_links":{"self":[{"href":"https:\/\/prensapresidencialvenezuela.gob.ve\/index.php\/wp-json\/wp\/v2\/posts\/15741","targetHints":{"allow":["GET"]}}],"collection":[{"href":"https:\/\/prensapresidencialvenezuela.gob.ve\/index.php\/wp-json\/wp\/v2\/posts"}],"about":[{"href":"https:\/\/prensapresidencialvenezuela.gob.ve\/index.php\/wp-json\/wp\/v2\/types\/post"}],"author":[{"embeddable":true,"href":"https:\/\/prensapresidencialvenezuela.gob.ve\/index.php\/wp-json\/wp\/v2\/users\/1"}],"replies":[{"embeddable":true,"href":"https:\/\/prensapresidencialvenezuela.gob.ve\/index.php\/wp-json\/wp\/v2\/comments?post=15741"}],"version-history":[{"count":1,"href":"https:\/\/prensapresidencialvenezuela.gob.ve\/index.php\/wp-json\/wp\/v2\/posts\/15741\/revisions"}],"predecessor-version":[{"id":15743,"href":"https:\/\/prensapresidencialvenezuela.gob.ve\/index.php\/wp-json\/wp\/v2\/posts\/15741\/revisions\/15743"}],"wp:featuredmedia":[{"embeddable":true,"href":"https:\/\/prensapresidencialvenezuela.gob.ve\/index.php\/wp-json\/wp\/v2\/media\/15742"}],"wp:attachment":[{"href":"https:\/\/prensapresidencialvenezuela.gob.ve\/index.php\/wp-json\/wp\/v2\/media?parent=15741"}],"wp:term":[{"taxonomy":"category","embeddable":true,"href":"https:\/\/prensapresidencialvenezuela.gob.ve\/index.php\/wp-json\/wp\/v2\/categories?post=15741"},{"taxonomy":"post_tag","embeddable":true,"href":"https:\/\/prensapresidencialvenezuela.gob.ve\/index.php\/wp-json\/wp\/v2\/tags?post=15741"}],"curies":[{"name":"wp","href":"https:\/\/api.w.org\/{rel}","templated":true}]}}