{"id":15771,"date":"2024-12-14T22:18:00","date_gmt":"2024-12-15T02:18:00","guid":{"rendered":"https:\/\/prensapresidencialvenezuela.gob.ve\/?p=15771"},"modified":"2024-12-14T23:02:16","modified_gmt":"2024-12-15T03:02:16","slug":"honduras-destaca-el-apoyo-constante-del-alba-tcp-durante-anos-de-resistencia","status":"publish","type":"post","link":"https:\/\/prensapresidencialvenezuela.gob.ve\/index.php\/2024\/12\/14\/honduras-destaca-el-apoyo-constante-del-alba-tcp-durante-anos-de-resistencia\/","title":{"rendered":"Honduras destaca el apoyo constante del ALBA-TCP durante a\u00f1os de resistencia"},"content":{"rendered":"\n<p><strong>Centro de Convenciones Sim\u00f3n Bol\u00edvar, La Carlota.-<\/strong> En una destacada intervenci\u00f3n, el vicecanciller de Honduras, Gerardo Torres, rememor\u00f3 el 25 de agosto de 2008 como una fecha emblem\u00e1tica para su pa\u00eds, cuando se formaliz\u00f3 su ingreso a la Alianza Bolivariana para los Pueblos de Nuestra Am\u00e9rica-Tratado de Comercio de los Pueblos (ALBA-TCP).<\/p>\n\n\n\n<p>Durante su discurso, Torres evoc\u00f3 la declaraci\u00f3n realizada al unirse a la Alianza, que subrayaba la necesidad de procesos de integraci\u00f3n en Am\u00e9rica Latina y el Caribe para abordar problemas sociales como la pobreza y la exclusi\u00f3n, que han proliferado bajo un modelo neoliberal perjudicial.<\/p>\n\n\n\n<p>El vicecanciller enfatiz\u00f3 que estas declaraciones valientes tuvieron un costo significativo para Honduras, ya que solo meses despu\u00e9s, el pa\u00eds enfrent\u00f3 un violento golpe de Estado que dio paso a una dictadura militar y narcopol\u00edtica que perdur\u00f3 m\u00e1s de 12 a\u00f1os.<\/p>\n\n\n\n<p>Este tormentoso periodo termin\u00f3 con la elecci\u00f3n de Xiomara Castro en 2022, un retorno esperado a la democracia.<\/p>\n\n\n\n<p>Torres expres\u00f3 su agradecimiento hacia los pa\u00edses miembros del ALBA-TCP que mantuvieron su apoyo constante durante a\u00f1os de resistencia, y destac\u00f3 el papel decisivo de los movimientos sociales en esta lucha.<\/p>\n\n\n\n<p>Hizo un llamado a la unidad y la perseverancia, subrayando la importancia de continuar la batalla por un futuro mejor.<\/p>\n\n\n\n<p>Al final de su intervenci\u00f3n, celebr\u00f3 la iniciativa del ALBA-TCP de organizar cumbres con estos movimientos, reiterando que esta es la v\u00eda a seguir.<\/p>\n\n\n\n<p>El vicecanciller tambi\u00e9n abord\u00f3 los logros de la administraci\u00f3n de Xiomara Castro, quien ha llevado a cabo acciones significativas para proteger la tierra de la depredaci\u00f3n y detener la desforestaci\u00f3n en Honduras.<\/p>\n\n\n\n<p>Esta intervenci\u00f3n representa un firme mensaje de compromiso de Honduras con los ideales del ALBA- TCP y la b\u00fasqueda de un futuro m\u00e1s justo y equitativo para su pueblo.<\/p>\n\n\n\n<p><strong>Prensa Presidencial \/ Luis Tavera<\/strong><\/p>\n","protected":false},"excerpt":{"rendered":"<p>Centro de Convenciones Sim\u00f3n Bol\u00edvar, La Carlota.- En una destacada intervenci\u00f3n, el vicecanciller de Honduras, Gerardo Torres, rememor\u00f3 el 25 de agosto de 2008 como una fecha emblem\u00e1tica para su pa\u00eds, cuando se formaliz\u00f3 su ingreso a la Alianza Bolivariana para los Pueblos de Nuestra Am\u00e9rica-Tratado de Comercio de los Pueblos (ALBA-TCP). Durante su discurso, [&hellip;]<\/p>\n","protected":false},"author":1,"featured_media":15772,"comment_status":"open","ping_status":"open","sticky":false,"template":"","format":"standard","meta":{"footnotes":""},"categories":[18,7],"tags":[179,27,20],"class_list":["post-15771","post","type-post","status-publish","format-standard","has-post-thumbnail","hentry","category-noticias-principales","category-notas-de-prensa","tag-alba-tcp","tag-revolucion-bolivariana","tag-venezuela"],"_links":{"self":[{"href":"https:\/\/prensapresidencialvenezuela.gob.ve\/index.php\/wp-json\/wp\/v2\/posts\/15771","targetHints":{"allow":["GET"]}}],"collection":[{"href":"https:\/\/prensapresidencialvenezuela.gob.ve\/index.php\/wp-json\/wp\/v2\/posts"}],"about":[{"href":"https:\/\/prensapresidencialvenezuela.gob.ve\/index.php\/wp-json\/wp\/v2\/types\/post"}],"author":[{"embeddable":true,"href":"https:\/\/prensapresidencialvenezuela.gob.ve\/index.php\/wp-json\/wp\/v2\/users\/1"}],"replies":[{"embeddable":true,"href":"https:\/\/prensapresidencialvenezuela.gob.ve\/index.php\/wp-json\/wp\/v2\/comments?post=15771"}],"version-history":[{"count":1,"href":"https:\/\/prensapresidencialvenezuela.gob.ve\/index.php\/wp-json\/wp\/v2\/posts\/15771\/revisions"}],"predecessor-version":[{"id":15773,"href":"https:\/\/prensapresidencialvenezuela.gob.ve\/index.php\/wp-json\/wp\/v2\/posts\/15771\/revisions\/15773"}],"wp:featuredmedia":[{"embeddable":true,"href":"https:\/\/prensapresidencialvenezuela.gob.ve\/index.php\/wp-json\/wp\/v2\/media\/15772"}],"wp:attachment":[{"href":"https:\/\/prensapresidencialvenezuela.gob.ve\/index.php\/wp-json\/wp\/v2\/media?parent=15771"}],"wp:term":[{"taxonomy":"category","embeddable":true,"href":"https:\/\/prensapresidencialvenezuela.gob.ve\/index.php\/wp-json\/wp\/v2\/categories?post=15771"},{"taxonomy":"post_tag","embeddable":true,"href":"https:\/\/prensapresidencialvenezuela.gob.ve\/index.php\/wp-json\/wp\/v2\/tags?post=15771"}],"curies":[{"name":"wp","href":"https:\/\/api.w.org\/{rel}","templated":true}]}}