{"id":1585,"date":"2022-03-29T15:55:00","date_gmt":"2022-03-29T15:55:00","guid":{"rendered":"http:\/\/172.27.0.121\/?p=1585"},"modified":"2022-06-29T15:56:58","modified_gmt":"2022-06-29T15:56:58","slug":"presidente-maduro-lidera-instalacion-del-iii-congreso-venezolano-de-mujeres","status":"publish","type":"post","link":"https:\/\/prensapresidencialvenezuela.gob.ve\/index.php\/2022\/03\/29\/presidente-maduro-lidera-instalacion-del-iii-congreso-venezolano-de-mujeres\/","title":{"rendered":"Presidente Maduro lidera instalaci\u00f3n del III Congreso Venezolano de Mujeres"},"content":{"rendered":"\n<p><strong>Plaza Bicentenaria, Caracas.- <\/strong>De cara a la celebraci\u00f3n del III Congreso Venezolano de Mujeres, este martes el presidente de la Rep\u00fablica Bolivariana de Venezuela, Nicol\u00e1s Maduro, lidera la instalaci\u00f3n del equipo promotor que participar\u00e1 en este encuentro de mujeres revolucionarias.<\/p>\n\n\n\n<p>M\u00e1s de 5 mil mujeres se dan cita en este Congreso, el cual tiene como prop\u00f3sito revisar las fortalezas y debilidades, en el marco de la 3R.Nets (Resistencia, Renacimiento y Revoluci\u00f3n), para impulsar pol\u00edticas p\u00fablicas que fomenten la participaci\u00f3n de la mujer venezolana en el \u00e1mbito pol\u00edtico, econ\u00f3mico, social y cultural, basada en la equidad de g\u00e9nero.<\/p>\n\n\n\n<p>Las propuestas discutidas a escala nacional, estar\u00e1n dirigidas a impulsar la justicia de g\u00e9nero, profundizaci\u00f3n en la atenci\u00f3n a la familia, as\u00ed como la protecci\u00f3n integral de la mujer en distintos sectores.<\/p>\n\n\n\n<p>Es importante destacar que la mujer venezolana tiene 80 por ciento de participaci\u00f3n en todas las estructuras de organizaci\u00f3n del poder popular en el territorio nacional, lo cual ha permitido consolidar el liderazgo, reconocimiento y respeto de la mujer en la sociedad.<\/p>\n\n\n\n<p>Acompa\u00f1an al Mandatario nacional, la primera combatiente y diputada a la Asamblea Nacional, Cilia Flores, Delcy Rodr\u00edguez, vicepresidenta Ejecutiva de la Rep\u00fablica Bolivariana de Venezuela, Diva Guzm\u00e1n, ministra del Poder Popular para la Mujer y la Igualdad de G\u00e9nero, entre otras autoridades.<\/p>\n\n\n\n<p><strong>Prensa Presidencial\/Joelin Jim\u00e9nez<\/strong><\/p>\n","protected":false},"excerpt":{"rendered":"<p>Plaza Bicentenaria, Caracas.- De cara a la celebraci\u00f3n del III Congreso Venezolano de Mujeres, este martes el presidente de la Rep\u00fablica Bolivariana de Venezuela, Nicol\u00e1s Maduro, lidera la instalaci\u00f3n del equipo promotor que participar\u00e1 en este encuentro de mujeres revolucionarias. M\u00e1s de 5 mil mujeres se dan cita en este Congreso, el cual tiene como [&hellip;]<\/p>\n","protected":false},"author":6,"featured_media":1586,"comment_status":"open","ping_status":"open","sticky":false,"template":"","format":"standard","meta":{"footnotes":""},"categories":[7],"tags":[],"class_list":["post-1585","post","type-post","status-publish","format-standard","has-post-thumbnail","hentry","category-notas-de-prensa"],"_links":{"self":[{"href":"https:\/\/prensapresidencialvenezuela.gob.ve\/index.php\/wp-json\/wp\/v2\/posts\/1585","targetHints":{"allow":["GET"]}}],"collection":[{"href":"https:\/\/prensapresidencialvenezuela.gob.ve\/index.php\/wp-json\/wp\/v2\/posts"}],"about":[{"href":"https:\/\/prensapresidencialvenezuela.gob.ve\/index.php\/wp-json\/wp\/v2\/types\/post"}],"author":[{"embeddable":true,"href":"https:\/\/prensapresidencialvenezuela.gob.ve\/index.php\/wp-json\/wp\/v2\/users\/6"}],"replies":[{"embeddable":true,"href":"https:\/\/prensapresidencialvenezuela.gob.ve\/index.php\/wp-json\/wp\/v2\/comments?post=1585"}],"version-history":[{"count":1,"href":"https:\/\/prensapresidencialvenezuela.gob.ve\/index.php\/wp-json\/wp\/v2\/posts\/1585\/revisions"}],"predecessor-version":[{"id":1587,"href":"https:\/\/prensapresidencialvenezuela.gob.ve\/index.php\/wp-json\/wp\/v2\/posts\/1585\/revisions\/1587"}],"wp:featuredmedia":[{"embeddable":true,"href":"https:\/\/prensapresidencialvenezuela.gob.ve\/index.php\/wp-json\/wp\/v2\/media\/1586"}],"wp:attachment":[{"href":"https:\/\/prensapresidencialvenezuela.gob.ve\/index.php\/wp-json\/wp\/v2\/media?parent=1585"}],"wp:term":[{"taxonomy":"category","embeddable":true,"href":"https:\/\/prensapresidencialvenezuela.gob.ve\/index.php\/wp-json\/wp\/v2\/categories?post=1585"},{"taxonomy":"post_tag","embeddable":true,"href":"https:\/\/prensapresidencialvenezuela.gob.ve\/index.php\/wp-json\/wp\/v2\/tags?post=1585"}],"curies":[{"name":"wp","href":"https:\/\/api.w.org\/{rel}","templated":true}]}}