{"id":15901,"date":"2024-12-20T15:51:04","date_gmt":"2024-12-20T19:51:04","guid":{"rendered":"https:\/\/prensapresidencialvenezuela.gob.ve\/?p=15901"},"modified":"2024-12-23T17:06:57","modified_gmt":"2024-12-23T21:06:57","slug":"venezuela-avanza-hacia-un-nuevo-modelo-de-justicia-social-con-la-eleccion-de-jueces-y-juezas-de-paz-comunal","status":"publish","type":"post","link":"https:\/\/prensapresidencialvenezuela.gob.ve\/index.php\/2024\/12\/20\/venezuela-avanza-hacia-un-nuevo-modelo-de-justicia-social-con-la-eleccion-de-jueces-y-juezas-de-paz-comunal\/","title":{"rendered":"Venezuela avanza hacia un nuevo modelo de justicia social con la elecci\u00f3n de Jueces y Juezas de Paz Comunal"},"content":{"rendered":"\n<p><strong>Palacio de Miraflores, Caracas. \u2013<\/strong> En un evento que marca un hito en la historia de la justicia social en Venezuela, el pasado domingo 15 de diciembre, 28 mil 374 Jueces y Juezas de Paz Comunal fueron elegidos en todo el pa\u00eds. Este proceso electoral sin precedentes, refleja el protagonismo del Poder Popular en la elecci\u00f3n de sus l\u00edderes locales.<\/p>\n\n\n\n<p>El presidente de la Rep\u00fablica Bolivariana de Venezuela, Nicol\u00e1s Maduro Moros, celebr\u00f3 esta jornada electoral como un paso fundamental hacia una estructura de gobierno verdaderamente participativa y orientada hacia la justicia social.<\/p>\n\n\n\n<p>El Mandatario nacional subray\u00f3 la importancia de que las decisiones pol\u00edticas sean tomadas por \u00ablos comunes y de a pie\u00bb. Asegur\u00f3 que este nuevo modelo empodera a las comunidades, a trav\u00e9s de la votaci\u00f3n directa de sus representantes.<\/p>\n\n\n\n<p>\u00abLleg\u00f3 la hora para legislar y acabar con la mentira en la forma de hacer pol\u00edtica\u00bb, afirm\u00f3 el jefe de Estado, enfatizando la necesidad de una democracia genuina, en donde los l\u00edderes emergen del seno de la comunidad.<\/p>\n\n\n\n<p>La jornada electoral se caracteriz\u00f3 por una participaci\u00f3n masiva, en la que los vecinos y vecinas se movilizaron con entusiasmo para ejercer su derecho al voto en un ambiente de paz y compromiso.<\/p>\n\n\n\n<p>Este proceso no solo representa la elecci\u00f3n de figuras judiciales, sino una transformaci\u00f3n en la comprensi\u00f3n de la pol\u00edtica en Venezuela.<\/p>\n\n\n\n<figure class=\"wp-block-gallery has-nested-images columns-default is-cropped wp-block-gallery-1 is-layout-flex wp-block-gallery-is-layout-flex\">\n<figure class=\"wp-block-image size-large\"><img fetchpriority=\"high\" decoding=\"async\" width=\"682\" height=\"1024\" data-id=\"15906\" src=\"https:\/\/prensapresidencialvenezuela.gob.ve\/wp-content\/uploads\/2024\/12\/5123117045020470618-1-1-682x1024.jpg\" alt=\"\" class=\"wp-image-15906\" srcset=\"https:\/\/prensapresidencialvenezuela.gob.ve\/wp-content\/uploads\/2024\/12\/5123117045020470618-1-1-682x1024.jpg 682w, https:\/\/prensapresidencialvenezuela.gob.ve\/wp-content\/uploads\/2024\/12\/5123117045020470618-1-1-200x300.jpg 200w, https:\/\/prensapresidencialvenezuela.gob.ve\/wp-content\/uploads\/2024\/12\/5123117045020470618-1-1-768x1152.jpg 768w, https:\/\/prensapresidencialvenezuela.gob.ve\/wp-content\/uploads\/2024\/12\/5123117045020470618-1-1-1024x1536.jpg 1024w, https:\/\/prensapresidencialvenezuela.gob.ve\/wp-content\/uploads\/2024\/12\/5123117045020470618-1-1.jpg 1333w\" sizes=\"(max-width: 682px) 100vw, 682px\" \/><figcaption class=\"wp-element-caption\">DESIR\u00c9E GONZ\u00c1LEZ, JUEZA DE PAZ, COMUNA COMANDANTE HUGO CH\u00c1VEZ, PARROQUIA 23 DE ENERO. <\/figcaption><\/figure>\n<\/figure>\n\n\n\n<p><strong>El Sue\u00f1o del Comandante Ch\u00e1vez<\/strong><\/p>\n\n\n\n<p>Desir\u00e9e Gonz\u00e1lez, Jueza de Paz electa por la Comuna Socialista Comandante Hugo Ch\u00e1vez, de la parroquia 23 de Enero, expres\u00f3 su entusiasmo por la masiva participaci\u00f3n popular.<\/p>\n\n\n\n<p>\u201cPor primera vez en Venezuela, los ciudadanos eligieron a un Ju<a><\/a>ez de Paz Comunal en cada uno de los territorios, demostrando una participaci\u00f3n protag\u00f3nica \u00fanica en nuestro pa\u00eds\u201d.<\/p>\n\n\n\n<p>Gonz\u00e1lez consider\u00f3 estas elecciones como el cumplimiento del sue\u00f1o del Comandante Ch\u00e1vez, en vista de que \u00abla participaci\u00f3n de las comunidades fue extraordinaria, con campa\u00f1as casa a casa que unieron v\u00ednculos entre vecinos que se volcaron a apoyar a sus candidatos\u00bb.<\/p>\n\n\n\n<p>El 23 de Enero, una de las parroquias m\u00e1s emblem\u00e1ticas del pa\u00eds, vivi\u00f3 una jornada vibrante. Alfredo Canchica, Juez de Paz, electo por la Comuna Fe Socialista, record\u00f3 la historia pol\u00edtica de su parroquia: &nbsp;<\/p>\n\n\n\n<p>\u201cEstamos aqu\u00ed desde hace muchos a\u00f1os de trabajo y de lucha, en una parroquia que siempre ha aportado a este legado de nuestro Comandante Ch\u00e1vez. Lo que es el trabajo, el amor por ser cada d\u00eda mejores; ahora no s\u00f3lo vamos a ser cada d\u00eda mejores, sino que tambi\u00e9n seremos parte de la justicia comunal. Nuestra responsabilidad ser\u00e1 escuchar al vecino o vecina que tenga un problema a solucionar. Han sido a\u00f1os de trabajo como organizaci\u00f3n comunal, apoyando el deporte, la cultura y la pol\u00edtica participativa como nos lo muestra la visi\u00f3n bolivariana\u201d, expres\u00f3 Canchica.<\/p>\n\n\n\n<figure class=\"wp-block-gallery has-nested-images columns-default is-cropped wp-block-gallery-2 is-layout-flex wp-block-gallery-is-layout-flex\">\n<figure class=\"wp-block-image size-large\"><img decoding=\"async\" width=\"1024\" height=\"682\" data-id=\"15908\" src=\"https:\/\/prensapresidencialvenezuela.gob.ve\/wp-content\/uploads\/2024\/12\/5123117045020470625-1-1024x682.jpg\" alt=\"\" class=\"wp-image-15908\" srcset=\"https:\/\/prensapresidencialvenezuela.gob.ve\/wp-content\/uploads\/2024\/12\/5123117045020470625-1-1024x682.jpg 1024w, https:\/\/prensapresidencialvenezuela.gob.ve\/wp-content\/uploads\/2024\/12\/5123117045020470625-1-300x200.jpg 300w, https:\/\/prensapresidencialvenezuela.gob.ve\/wp-content\/uploads\/2024\/12\/5123117045020470625-1-768x512.jpg 768w, https:\/\/prensapresidencialvenezuela.gob.ve\/wp-content\/uploads\/2024\/12\/5123117045020470625-1-1536x1024.jpg 1536w, https:\/\/prensapresidencialvenezuela.gob.ve\/wp-content\/uploads\/2024\/12\/5123117045020470625-1-2048x1365.jpg 2048w\" sizes=\"(max-width: 1024px) 100vw, 1024px\" \/><\/figure>\n<\/figure>\n\n\n\n<p>Jean Carlos Isturiz, un joven revolucionario tambi\u00e9n electo como Juez de Paz y parte activa de la parroquia 23 de Enero, destac\u00f3 el significado del proceso electoral:<\/p>\n\n\n\n<p>\u201cGracias a las l\u00edneas de nuestro presidente Nicol\u00e1s Maduro, las comunidades salieron a votar. El rol de los Jueces de Paz ser\u00e1 crucial, debemos buscar el equilibrio y la sana convivencia para lograr la suprema felicidad posible\u201d.<\/p>\n\n\n\n<p>Este nuevo modelo de justicia social trasciende la mera elecci\u00f3n de Jueces de Paz, en funci\u00f3n de establecer un sistema de gobernanza en donde cada ciudadano se convierta en un actor activo de su comunidad. La democracia participativa y protag\u00f3nica es la clave para construir un futuro m\u00e1s justo e inclusivo, para dar paso a que la voz de cada poblador se escuche y se traduzca en acciones concretas que beneficien a la colectividad.<\/p>\n\n\n\n<p>Con la Revoluci\u00f3n Bolivariana, Venezuela reafirma su compromiso con la inclusi\u00f3n social y la transformaci\u00f3n de la pol\u00edtica desde las bases, creando un camino hacia una nueva civilizaci\u00f3n donde la justicia social sea una realidad en cada rinc\u00f3n del pa\u00eds.<\/p>\n\n\n\n<p><strong>La Revoluci\u00f3n Comunal en Venezuela<\/strong><\/p>\n\n\n\n<p>En un contexto en el que la justicia tradicional busca una transformaci\u00f3n clara para atender las necesidades del pueblo, Venezuela se aproxima hacia una transformaci\u00f3n radical de su sistema judicial, a trav\u00e9s de la implementaci\u00f3n de la Justicia de Paz Comunal.<\/p>\n\n\n\n<p>Este innovador enfoque no s\u00f3lo evita la burocracia, caracter\u00edsticas de los procesos judiciales, sino que tambi\u00e9n busca construir un modelo de justicia que sea verdaderamente accesible y centrado en la comunidad.<\/p>\n\n\n\n<p>La Justicia de Paz Comunal se erige como una respuesta del Gobierno Bolivariano a las demandas populares de un sistema judicial m\u00e1s equitativo. Al ofrecer un mecanismo que es gratuito y que prioriza la conciliaci\u00f3n, se logra una democratizaci\u00f3n del acceso a la justicia.<\/p>\n\n\n\n<p>Los Jueces de Paz, elegidos de manera directa y secreta por los ciudadanos, asumen el liderazgo en sus comunidades, convirti\u00e9ndose en mediadores que emplean un lenguaje simple y accesible para resolver conflictos cotidianos.<\/p>\n\n\n\n<p>En datos recientes, el Tribunal Supremo de Justicia, detalla que hasta un 90% de los conflictos resueltos, en el \u00e1mbito de las disputas vecinales, se manejan a trav\u00e9s de la conciliaci\u00f3n, lo que demuestra la eficacia de este enfoque participativo frente a los problemas de vecinos e intrafamiliares.<\/p>\n\n\n\n<p>Con la instauraci\u00f3n de la Justicia de Paz Comunal, el Gobierno venezolano reafirma el trabajo con un modelo integral que no s\u00f3lo busca superar los obst\u00e1culos del acceso a la justicia, sino que tambi\u00e9n promueve la construcci\u00f3n de una sociedad m\u00e1s justa y equitativa.<\/p>\n\n\n\n<p><strong>Venezuela como referente de modernidad humanista<\/strong><\/p>\n\n\n\n<p>En este sentido, se proyecta la creaci\u00f3n de un fondo comunal que dispondr\u00e1 inicialmente de 600 millones de d\u00f3lares para financiar proyectos que beneficien directamente a las comunidades, empoderando a sus habitantes y fortaleciendo su tejido social.<\/p>\n\n\n\n<p>El presidente Nicol\u00e1s Maduro resalt\u00f3 que esta iniciativa no es s\u00f3lo un esfuerzo por mejorar la justicia en el pa\u00eds, sino un paso decisivo hacia la consolidaci\u00f3n de la soberan\u00eda nacional.<\/p>\n\n\n\n<p>Al empoderar a las comunidades, Venezuela se posiciona como un referente de modernidad humanista a nivel internacional, demostrando que una nueva forma de hacer justicia es posible.<\/p>\n\n\n\n<p>La elecci\u00f3n de estos Jueces de Paz es un hecho sin precedentes&nbsp; en la historia de la democracia participativa en el pa\u00eds.<\/p>\n\n\n\n<p>Tal como lo destac\u00f3 Tania D\u2019Amelio Cardiet, la Coordinadora Nacional de Justicia, Paz Comunal y Relaciones con el Poder Popular del TSJ, este proceso se basa en la voz de las comunidades, quienes se involucran activamente en definir las funciones y acciones de sus jueces.<\/p>\n\n\n\n<p>La Justicia de Paz Comunal no se limita a resolver conflictos, sino que est\u00e1 dise\u00f1ada para actuar de manera proactiva.<\/p>\n\n\n\n<p>Como mencion\u00f3 D\u2019Amelio, esta forma de justicia es primaria y cercana, y su premisa es evitar la burocracia y brindar respuestas inmediatas a las problem\u00e1ticas del d\u00eda a d\u00eda.<\/p>\n\n\n\n<p>En situaciones de violencia de g\u00e9nero, por ejemplo, estos jueces son cruciales, ya que pueden ofrecer un espacio seguro para que las v\u00edctimas se sientan apoyadas y puedan denunciar sin temor, y as\u00ed facilitar contacto directo con el Ministerio P\u00fablico para acciones r\u00e1pidas y efectivas.<\/p>\n\n\n\n<p><strong>TSJ capacitar\u00e1 a Jueces de Paz Comunal<\/strong><\/p>\n\n\n\n<p>Para garantizar la efectiva implementaci\u00f3n de esta nueva justicia, se ha establecido un plan de formaci\u00f3n que iniciar\u00e1 en enero de 2025, con el objeto de garantizar la preparaci\u00f3n integral de los jueces de paz en todo el territorio nacional.<\/p>\n\n\n\n<p>Esta capacitaci\u00f3n es fundamental para que los l\u00edderes comunitarios puedan desempe\u00f1ar su rol con la responsabilidad y el compromiso que demanda nuestra sociedad.<\/p>\n\n\n\n<p>La Justicia de Paz Comunal, en \u00faltima instancia, representa un cambio paradigm\u00e1tico en la forma de entender y ejercer la justicia en Venezuela. Con su ra\u00edz en las comunidades y su enfoque en la conciliaci\u00f3n, este modelo no s\u00f3lo transforma la justicia, sino que tambi\u00e9n promueve la reconciliaci\u00f3n social y el fortalecimiento comunitario, consolidando as\u00ed una Venezuela m\u00e1s justa y solidaria.<\/p>\n\n\n\n<p><strong>Prensa Presidencial\/Luis Tavera<\/strong><\/p>\n","protected":false},"excerpt":{"rendered":"<p>Palacio de Miraflores, Caracas. \u2013 En un evento que marca un hito en la historia de la justicia social en Venezuela, el pasado domingo 15 de diciembre, 28 mil 374 Jueces y Juezas de Paz Comunal fueron elegidos en todo el pa\u00eds. Este proceso electoral sin precedentes, refleja el protagonismo del Poder Popular en la [&hellip;]<\/p>\n","protected":false},"author":1,"featured_media":15902,"comment_status":"open","ping_status":"open","sticky":false,"template":"","format":"standard","meta":{"footnotes":""},"categories":[18,10],"tags":[713],"class_list":["post-15901","post","type-post","status-publish","format-standard","has-post-thumbnail","hentry","category-noticias-principales","category-especiales","tag-justicia"],"_links":{"self":[{"href":"https:\/\/prensapresidencialvenezuela.gob.ve\/index.php\/wp-json\/wp\/v2\/posts\/15901","targetHints":{"allow":["GET"]}}],"collection":[{"href":"https:\/\/prensapresidencialvenezuela.gob.ve\/index.php\/wp-json\/wp\/v2\/posts"}],"about":[{"href":"https:\/\/prensapresidencialvenezuela.gob.ve\/index.php\/wp-json\/wp\/v2\/types\/post"}],"author":[{"embeddable":true,"href":"https:\/\/prensapresidencialvenezuela.gob.ve\/index.php\/wp-json\/wp\/v2\/users\/1"}],"replies":[{"embeddable":true,"href":"https:\/\/prensapresidencialvenezuela.gob.ve\/index.php\/wp-json\/wp\/v2\/comments?post=15901"}],"version-history":[{"count":2,"href":"https:\/\/prensapresidencialvenezuela.gob.ve\/index.php\/wp-json\/wp\/v2\/posts\/15901\/revisions"}],"predecessor-version":[{"id":15909,"href":"https:\/\/prensapresidencialvenezuela.gob.ve\/index.php\/wp-json\/wp\/v2\/posts\/15901\/revisions\/15909"}],"wp:featuredmedia":[{"embeddable":true,"href":"https:\/\/prensapresidencialvenezuela.gob.ve\/index.php\/wp-json\/wp\/v2\/media\/15902"}],"wp:attachment":[{"href":"https:\/\/prensapresidencialvenezuela.gob.ve\/index.php\/wp-json\/wp\/v2\/media?parent=15901"}],"wp:term":[{"taxonomy":"category","embeddable":true,"href":"https:\/\/prensapresidencialvenezuela.gob.ve\/index.php\/wp-json\/wp\/v2\/categories?post=15901"},{"taxonomy":"post_tag","embeddable":true,"href":"https:\/\/prensapresidencialvenezuela.gob.ve\/index.php\/wp-json\/wp\/v2\/tags?post=15901"}],"curies":[{"name":"wp","href":"https:\/\/api.w.org\/{rel}","templated":true}]}}