{"id":15925,"date":"2024-12-20T18:29:36","date_gmt":"2024-12-20T22:29:36","guid":{"rendered":"https:\/\/prensapresidencialvenezuela.gob.ve\/?p=15925"},"modified":"2024-12-20T18:29:37","modified_gmt":"2024-12-20T22:29:37","slug":"cuadrantes-de-paz-unidad-de-organizacion-territorial-perfecta-entre-el-pueblo-y-los-cuerpos-de-seguridad-del-estado","status":"publish","type":"post","link":"https:\/\/prensapresidencialvenezuela.gob.ve\/index.php\/2024\/12\/20\/cuadrantes-de-paz-unidad-de-organizacion-territorial-perfecta-entre-el-pueblo-y-los-cuerpos-de-seguridad-del-estado\/","title":{"rendered":"Cuadrantes de Paz, unidad de organizaci\u00f3n territorial perfecta entre el pueblo y los cuerpos de seguridad del Estado"},"content":{"rendered":"\n<p><strong>Palacio de Miraflores, Caracas.-<\/strong> Durante la celebraci\u00f3n del aniversario de los Cuerpos de las Polic\u00eda Nacional Bolivariana (PNB), el presidente de la Rep\u00fablica Bolivariana de Venezuela, Nicol\u00e1s Maduro Moros, inst\u00f3 a fortalecer los Cuadrantes de Paz, por ser este proyecto de ley la f\u00f3rmula de uni\u00f3n perfecta entre el pueblo y los cuerpos de seguridad del Estado.<\/p>\n\n\n\n<p>En este sentido, el jefe de Estado resalt\u00f3 que los cuadrantes son la garant\u00eda mayor del modelo revolucionario, un modelo de seguridad que contribuye al fortalecimiento de las bases policiales, por \u00e1reas y t\u00e9cnicas.<\/p>\n\n\n\n<p>Asimismo, puntualiz\u00f3 que la CPNB es el pueblo uniformado y entrenado para la seguridad, protecci\u00f3n y el servicio del pueblo; y su vez, reiter\u00f3 que estos son tiempos de uni\u00f3n, fusi\u00f3n y revoluci\u00f3n.<\/p>\n\n\n\n<p>El Mandatario venezolano insisti\u00f3 en avanzar hacia grandes y nuevas victorias para reafirmar cada d\u00eda el legado del Comandante Ch\u00e1vez sobre la consolidaci\u00f3n de la seguridad en el pa\u00eds, servicios y protecci\u00f3n.<\/p>\n\n\n\n<p>\u00abPNB misi\u00f3n cumplida y a seguir triunfando por el camino de la paz, seguridad y la fusi\u00f3n perfecta, popular, militar y policial. Actuemos, so\u00f1emos, pensemos y vayamos fortaleciendo las bases morales, profesionales y t\u00e9cnicas policiales\u00bb, asever\u00f3 el Presidente para enaltecer la labor que cumplen las fuerzas de seguridad del Estado, durante una llamada telef\u00f3nica, en un acto encabezado por el ministro del Poder Popular para Relaciones Interiores, Justicia y Paz, Diosdado Cabello.<\/p>\n\n\n\n<p><strong>Prensa Presidencial\/Irmary D\u00edaz.<\/strong><\/p>\n","protected":false},"excerpt":{"rendered":"<p>Palacio de Miraflores, Caracas.- Durante la celebraci\u00f3n del aniversario de los Cuerpos de las Polic\u00eda Nacional Bolivariana (PNB), el presidente de la Rep\u00fablica Bolivariana de Venezuela, Nicol\u00e1s Maduro Moros, inst\u00f3 a fortalecer los Cuadrantes de Paz, por ser este proyecto de ley la f\u00f3rmula de uni\u00f3n perfecta entre el pueblo y los cuerpos de seguridad [&hellip;]<\/p>\n","protected":false},"author":1,"featured_media":15926,"comment_status":"open","ping_status":"open","sticky":false,"template":"","format":"standard","meta":{"footnotes":""},"categories":[18,7],"tags":[1168,557,451,593],"class_list":["post-15925","post","type-post","status-publish","format-standard","has-post-thumbnail","hentry","category-noticias-principales","category-notas-de-prensa","tag-cuadrante","tag-paz","tag-pueblo","tag-seguridad"],"_links":{"self":[{"href":"https:\/\/prensapresidencialvenezuela.gob.ve\/index.php\/wp-json\/wp\/v2\/posts\/15925","targetHints":{"allow":["GET"]}}],"collection":[{"href":"https:\/\/prensapresidencialvenezuela.gob.ve\/index.php\/wp-json\/wp\/v2\/posts"}],"about":[{"href":"https:\/\/prensapresidencialvenezuela.gob.ve\/index.php\/wp-json\/wp\/v2\/types\/post"}],"author":[{"embeddable":true,"href":"https:\/\/prensapresidencialvenezuela.gob.ve\/index.php\/wp-json\/wp\/v2\/users\/1"}],"replies":[{"embeddable":true,"href":"https:\/\/prensapresidencialvenezuela.gob.ve\/index.php\/wp-json\/wp\/v2\/comments?post=15925"}],"version-history":[{"count":1,"href":"https:\/\/prensapresidencialvenezuela.gob.ve\/index.php\/wp-json\/wp\/v2\/posts\/15925\/revisions"}],"predecessor-version":[{"id":15927,"href":"https:\/\/prensapresidencialvenezuela.gob.ve\/index.php\/wp-json\/wp\/v2\/posts\/15925\/revisions\/15927"}],"wp:featuredmedia":[{"embeddable":true,"href":"https:\/\/prensapresidencialvenezuela.gob.ve\/index.php\/wp-json\/wp\/v2\/media\/15926"}],"wp:attachment":[{"href":"https:\/\/prensapresidencialvenezuela.gob.ve\/index.php\/wp-json\/wp\/v2\/media?parent=15925"}],"wp:term":[{"taxonomy":"category","embeddable":true,"href":"https:\/\/prensapresidencialvenezuela.gob.ve\/index.php\/wp-json\/wp\/v2\/categories?post=15925"},{"taxonomy":"post_tag","embeddable":true,"href":"https:\/\/prensapresidencialvenezuela.gob.ve\/index.php\/wp-json\/wp\/v2\/tags?post=15925"}],"curies":[{"name":"wp","href":"https:\/\/api.w.org\/{rel}","templated":true}]}}