{"id":15934,"date":"2024-12-23T17:09:26","date_gmt":"2024-12-23T21:09:26","guid":{"rendered":"https:\/\/prensapresidencialvenezuela.gob.ve\/?p=15934"},"modified":"2024-12-23T17:10:00","modified_gmt":"2024-12-23T21:10:00","slug":"presidente-maduro-recibio-cartas-credenciales-del-nuevo-embajador-de-espana-en-venezuela","status":"publish","type":"post","link":"https:\/\/prensapresidencialvenezuela.gob.ve\/index.php\/2024\/12\/23\/presidente-maduro-recibio-cartas-credenciales-del-nuevo-embajador-de-espana-en-venezuela\/","title":{"rendered":"Presidente Maduro recibi\u00f3 cartas credenciales del nuevo embajador de Espa\u00f1a en Venezuela"},"content":{"rendered":"\n<p><strong>Palacio de Miraflores, Caracas.-<\/strong> En el Sal\u00f3n Sol del Per\u00fa, el presidente de la Rep\u00fablica Bolivariana de Venezuela, Nicol\u00e1s Maduro Moros, recibi\u00f3 las cartas credenciales del nuevo embajador extraordinario y plenipotenciario del Reino de Espa\u00f1a ante la Rep\u00fablica Bolivariana de Venezuela, \u00c1lvaro Albacete, quien asume la responsabilidad de representar a su Naci\u00f3n en Venezuela.<\/p>\n\n\n\n<p>Este lunes, el jefe de Estado venezolano inici\u00f3 su agenda con la recepci\u00f3n de este documento oficial, que acredita a Albacete como el nuevo representante del Reino de Espa\u00f1a ante Venezuela.<\/p>\n\n\n\n<p>Con este encuentro, se afianzan las relaciones de respeto mutuo y diplomacia de paz, en conformidad a los principios establecidos en la Carta de Naciones Unidas, la cual establece que las relaciones internacionales deben existir desde la igualdad soberana de los Estados.<\/p>\n\n\n\n<p>\u00c1lvaro Albacete, es diplom\u00e1tico de carrera desde 2010, ha acumulado una rica experiencia en diversos \u00e1mbitos. Ha ocupado roles significativos como director de gabinete del ministro de Cultura y secretario general adjunto de la Uni\u00f3n por el Mediterr\u00e1neo en \u00e1reas como el agua, el medio ambiente y la econom\u00eda azul.<\/p>\n\n\n\n<p>Su trayectoria en la diplomacia se complementa con su compromiso con la educaci\u00f3n superior y la investigaci\u00f3n.<\/p>\n\n\n\n<p>Es importante acotar que la recepci\u00f3n de las cartas credenciales se orienta en la \u00a0reafirmaci\u00f3n del compromiso del presidente Nicol\u00e1s Maduro hacia la diplomacia Bolivariana de Paz, con la firme disposici\u00f3n de la Rep\u00fablica Bolivariana de Venezuela a contribuir en la construcci\u00f3n de un mundo multic\u00e9ntrico y pluripolar, as\u00ed como el firme prop\u00f3sito de avanzar hacia un nuevo mundo, que promueva la equidad, la justicia y la autodeterminaci\u00f3n de los pueblos.<\/p>\n\n\n\n<p>En este acto diplom\u00e1tico, el jefe de Estado venezolano est\u00e1 acompa\u00f1ado por la Primera Combatiente, Cilia Flores; el ministro del Poder Popular para las Relaciones Exteriores de la Rep\u00fablica Bolivariana de Venezuela, Yv\u00e1n Gil; adem\u00e1s del ministro Consejero de la Embajada del Reino de Espa\u00f1a, se\u00f1or Ricardo Santos Alfonso, y el c\u00f3nsul adjunto de la Embajada del Reino de Espa\u00f1a, Jos\u00e9 del Palacio Tamarit.<\/p>\n\n\n\n<p><strong>Prensa Presidencial\/ Irmary D\u00edaz.<\/strong><\/p>\n","protected":false},"excerpt":{"rendered":"<p>Palacio de Miraflores, Caracas.- En el Sal\u00f3n Sol del Per\u00fa, el presidente de la Rep\u00fablica Bolivariana de Venezuela, Nicol\u00e1s Maduro Moros, recibi\u00f3 las cartas credenciales del nuevo embajador extraordinario y plenipotenciario del Reino de Espa\u00f1a ante la Rep\u00fablica Bolivariana de Venezuela, \u00c1lvaro Albacete, quien asume la responsabilidad de representar a su Naci\u00f3n en Venezuela. Este [&hellip;]<\/p>\n","protected":false},"author":1,"featured_media":15935,"comment_status":"open","ping_status":"open","sticky":false,"template":"","format":"standard","meta":{"footnotes":""},"categories":[18,7,1],"tags":[],"class_list":["post-15934","post","type-post","status-publish","format-standard","has-post-thumbnail","hentry","category-noticias-principales","category-notas-de-prensa","category-sin-categoria"],"_links":{"self":[{"href":"https:\/\/prensapresidencialvenezuela.gob.ve\/index.php\/wp-json\/wp\/v2\/posts\/15934","targetHints":{"allow":["GET"]}}],"collection":[{"href":"https:\/\/prensapresidencialvenezuela.gob.ve\/index.php\/wp-json\/wp\/v2\/posts"}],"about":[{"href":"https:\/\/prensapresidencialvenezuela.gob.ve\/index.php\/wp-json\/wp\/v2\/types\/post"}],"author":[{"embeddable":true,"href":"https:\/\/prensapresidencialvenezuela.gob.ve\/index.php\/wp-json\/wp\/v2\/users\/1"}],"replies":[{"embeddable":true,"href":"https:\/\/prensapresidencialvenezuela.gob.ve\/index.php\/wp-json\/wp\/v2\/comments?post=15934"}],"version-history":[{"count":1,"href":"https:\/\/prensapresidencialvenezuela.gob.ve\/index.php\/wp-json\/wp\/v2\/posts\/15934\/revisions"}],"predecessor-version":[{"id":15936,"href":"https:\/\/prensapresidencialvenezuela.gob.ve\/index.php\/wp-json\/wp\/v2\/posts\/15934\/revisions\/15936"}],"wp:featuredmedia":[{"embeddable":true,"href":"https:\/\/prensapresidencialvenezuela.gob.ve\/index.php\/wp-json\/wp\/v2\/media\/15935"}],"wp:attachment":[{"href":"https:\/\/prensapresidencialvenezuela.gob.ve\/index.php\/wp-json\/wp\/v2\/media?parent=15934"}],"wp:term":[{"taxonomy":"category","embeddable":true,"href":"https:\/\/prensapresidencialvenezuela.gob.ve\/index.php\/wp-json\/wp\/v2\/categories?post=15934"},{"taxonomy":"post_tag","embeddable":true,"href":"https:\/\/prensapresidencialvenezuela.gob.ve\/index.php\/wp-json\/wp\/v2\/tags?post=15934"}],"curies":[{"name":"wp","href":"https:\/\/api.w.org\/{rel}","templated":true}]}}