{"id":16091,"date":"2025-01-01T19:49:45","date_gmt":"2025-01-01T23:49:45","guid":{"rendered":"https:\/\/prensapresidencialvenezuela.gob.ve\/?p=16091"},"modified":"2025-01-03T14:02:37","modified_gmt":"2025-01-03T18:02:37","slug":"futuro-del-antifascismo-mundial-se-forja-en-venezuela","status":"publish","type":"post","link":"https:\/\/prensapresidencialvenezuela.gob.ve\/index.php\/2025\/01\/01\/futuro-del-antifascismo-mundial-se-forja-en-venezuela\/","title":{"rendered":"Futuro del antifascismo mundial se forja en Venezuela"},"content":{"rendered":"\n<p><strong>Palacio de Miraflores, Caracas.<\/strong><em>&#8211;<\/em> En una reciente conversaci\u00f3n entre el periodista espa\u00f1ol Ignacio Ramonet y el presidente de la Rep\u00fablica Bolivariana de Venezuela, Nicol\u00e1s Maduro, se abord\u00f3 la hist\u00f3rica campa\u00f1a medi\u00e1tica en contra del pa\u00eds que, durante m\u00e1s de dos d\u00e9cadas, ha buscado desestabilizar a la naci\u00f3n sudamericana.<\/p>\n\n\n\n<p>La atenci\u00f3n se centra en los pr\u00f3ximos Congresos Antifascistas que se llevar\u00e1n a cabo del 7 al 12 de enero, un evento que no s\u00f3lo fortalecer\u00e1 la voz de Venezuela en el \u00e1mbito internacional, sino que tambi\u00e9n reafirmar\u00e1 el apoyo global hacia la causa de la soberan\u00eda y la justicia social.<\/p>\n\n\n\n<p>El mandatario destac\u00f3 la importancia del congreso, al afirmar que \u201cm\u00e1s de 2 mil l\u00edderes y lideresas de movimientos sociales y pol\u00edticos de todo el mundo llegar\u00e1n a Venezuela para celebrar las victorias del antifascismo\u201d. Esta cita resalta la relevancia de la lucha social en la naci\u00f3n, y el papel de Venezuela como un escenario de la esperanza y resistencia en el contexto de un mundo unipolar que intenta perpetuar su hegemon\u00eda a trav\u00e9s de la guerra econ\u00f3mica y medi\u00e1tica.<\/p>\n\n\n\n<p><strong>Solidaridad internacional: La voz de un Pueblo firme.<\/strong><\/p>\n\n\n\n<p>El jefe de Estado subray\u00f3 el apoyo inquebrantable del pueblo venezolano hacia los congresos, manifestando que \u201cdelegados de movimientos sociales de Asia, Europa, Am\u00e9rica Latina y el Caribe han podido constatar el deseo del pueblo de paz\u201d.<\/p>\n\n\n\n<p>Este testimonio permite interpretar a Venezuela como un espacio de resistencia, y un ejemplo de unidad entre diversas culturas que se oponen a la opresi\u00f3n imperialista. La paz no es un mero deseo, sino un compromiso colectivo en el que el pueblo se convierte en el verdadero protagonista.<\/p>\n\n\n\n<p>La creciente conciencia en torno a la situaci\u00f3n del pa\u00eds se hace evidente. \u201cVenezuela tiene una voz poderosa para denunciar la decadencia del mundo occidental\u201d, se\u00f1al\u00f3 el presidente. Aqu\u00ed, se hace urgente reflexionar sobre c\u00f3mo las narrativas de los medios han utilizado la violencia y el caos como herramientas de dominaci\u00f3n, mientras el pueblo venezolano se mantiene firme en su b\u00fasqueda de justicia y equidad.<\/p>\n\n\n\n<p>La afirmaci\u00f3n del mandatario resuena profundamente, conmocionando a aquellos que vuelven a mirar hacia el pa\u00eds suramericano con una nueva \u00f3ptica de respeto y admiraci\u00f3n.<\/p>\n\n\n\n<p><strong>La respuesta heroica ante el terror fascista.<\/strong><\/p>\n\n\n\n<p>En un contexto donde las agresiones externas y los intentos de desestabilizaci\u00f3n son palpables, el presidente Maduro recalca la labor del Estado en la restauraci\u00f3n de la paz.<\/p>\n\n\n\n<p>\u201cEl compromiso del Estado venezolano fue restaurar la paz en 48 horas\u201d, proclam\u00f3. A medida que se investiga profundamente la violencia desatada en el pa\u00eds, el Mandatario se comprometi\u00f3 a llevar ante la justicia a los responsables de estos actos criminales. <\/p>\n\n\n\n<p>La lucha contra los llamados \u00abcomanditos\u00bb y sus maniobras est\u00e1 en marcha, resaltando la decisi\u00f3n del pueblo por poner fin a la violencia. \u201cMas del 90% del pa\u00eds no quiere m\u00e1s guarimbas\u201d, afirm\u00f3 con firmeza.<\/p>\n\n\n\n<p><strong>Un nuevo amanecer de esperanza y compromiso.<\/strong><\/p>\n\n\n\n<p>En un ferviente llamado a la comunidad internacional, el Presidente reafirm\u00f3 su voluntad de seguir defendiendo la soberan\u00eda nacional y la autodeterminaci\u00f3n de su pueblo.<\/p>\n\n\n\n<p>\u201cEste hombre que est\u00e1 aqu\u00ed, junto con el pueblo, es la mayor garant\u00eda de paz y estabilidad en Venezuela\u201d, asegur\u00f3. Con este sentido de compromiso, Venezuela se encamina hacia un futuro en el que los principios antifascistas se aunan en la lucha contra la opresi\u00f3n y la injusticia, abriendo las puertas a un nuevo amanecer en la pol\u00edtica internacional.<\/p>\n\n\n\n<p>As\u00ed, Venezuela no es s\u00f3lo un pa\u00eds, sino un s\u00edmbolo de resistencia ante el fascismo y la opresi\u00f3n, un basti\u00f3n de esperanza que convoca a los pueblos del mundo a unirse en la lucha por un futuro m\u00e1s justo, igualitario y humano.<\/p>\n\n\n\n<p><strong>Prensa Presidencial\/ Luis Tavera<\/strong><\/p>\n","protected":false},"excerpt":{"rendered":"<p>Palacio de Miraflores, Caracas.&#8211; En una reciente conversaci\u00f3n entre el periodista espa\u00f1ol Ignacio Ramonet y el presidente de la Rep\u00fablica Bolivariana de Venezuela, Nicol\u00e1s Maduro, se abord\u00f3 la hist\u00f3rica campa\u00f1a medi\u00e1tica en contra del pa\u00eds que, durante m\u00e1s de dos d\u00e9cadas, ha buscado desestabilizar a la naci\u00f3n sudamericana. La atenci\u00f3n se centra en los pr\u00f3ximos [&hellip;]<\/p>\n","protected":false},"author":1,"featured_media":16093,"comment_status":"open","ping_status":"open","sticky":false,"template":"","format":"standard","meta":{"footnotes":""},"categories":[18,7],"tags":[38,19,27,20],"class_list":["post-16091","post","type-post","status-publish","format-standard","has-post-thumbnail","hentry","category-noticias-principales","category-notas-de-prensa","tag-diplomacia-bolivariana-de-paz","tag-nicolas-maduro","tag-revolucion-bolivariana","tag-venezuela"],"_links":{"self":[{"href":"https:\/\/prensapresidencialvenezuela.gob.ve\/index.php\/wp-json\/wp\/v2\/posts\/16091","targetHints":{"allow":["GET"]}}],"collection":[{"href":"https:\/\/prensapresidencialvenezuela.gob.ve\/index.php\/wp-json\/wp\/v2\/posts"}],"about":[{"href":"https:\/\/prensapresidencialvenezuela.gob.ve\/index.php\/wp-json\/wp\/v2\/types\/post"}],"author":[{"embeddable":true,"href":"https:\/\/prensapresidencialvenezuela.gob.ve\/index.php\/wp-json\/wp\/v2\/users\/1"}],"replies":[{"embeddable":true,"href":"https:\/\/prensapresidencialvenezuela.gob.ve\/index.php\/wp-json\/wp\/v2\/comments?post=16091"}],"version-history":[{"count":2,"href":"https:\/\/prensapresidencialvenezuela.gob.ve\/index.php\/wp-json\/wp\/v2\/posts\/16091\/revisions"}],"predecessor-version":[{"id":16134,"href":"https:\/\/prensapresidencialvenezuela.gob.ve\/index.php\/wp-json\/wp\/v2\/posts\/16091\/revisions\/16134"}],"wp:featuredmedia":[{"embeddable":true,"href":"https:\/\/prensapresidencialvenezuela.gob.ve\/index.php\/wp-json\/wp\/v2\/media\/16093"}],"wp:attachment":[{"href":"https:\/\/prensapresidencialvenezuela.gob.ve\/index.php\/wp-json\/wp\/v2\/media?parent=16091"}],"wp:term":[{"taxonomy":"category","embeddable":true,"href":"https:\/\/prensapresidencialvenezuela.gob.ve\/index.php\/wp-json\/wp\/v2\/categories?post=16091"},{"taxonomy":"post_tag","embeddable":true,"href":"https:\/\/prensapresidencialvenezuela.gob.ve\/index.php\/wp-json\/wp\/v2\/tags?post=16091"}],"curies":[{"name":"wp","href":"https:\/\/api.w.org\/{rel}","templated":true}]}}