{"id":1610,"date":"2022-03-31T16:17:00","date_gmt":"2022-03-31T16:17:00","guid":{"rendered":"http:\/\/172.27.0.121\/?p=1610"},"modified":"2022-06-29T16:19:08","modified_gmt":"2022-06-29T16:19:08","slug":"venezuela-es-un-estado-de-derecho-y-justicia","status":"publish","type":"post","link":"https:\/\/prensapresidencialvenezuela.gob.ve\/index.php\/2022\/03\/31\/venezuela-es-un-estado-de-derecho-y-justicia\/","title":{"rendered":"Venezuela es un Estado de derecho y justicia"},"content":{"rendered":"\n<p><strong>Palacio de Miraflores, Caracas.-<\/strong> \u201cVenezuela es un Estado de derecho y de justicia, en proceso de cambio, en proceso de perfecci\u00f3n, ahorita estamos en un proceso de reforma profunda. Yo le he llamado la revoluci\u00f3n de la justicia\u201d.<\/p>\n\n\n\n<p>La afirmaci\u00f3n corresponde al presidente de la Rep\u00fablica Bolivariana de Venezuela, Nicol\u00e1s Maduro Moros, quien se\u00f1al\u00f3 que el proceso para \u201ccambiar todo lo que tenga que ser cambiado en leyes, m\u00e9todos de trabajo\u201d sucede a partir de \u201cun gran di\u00e1logo social, institucional y pol\u00edtico\u201d que ya presenta resultados importantes.<\/p>\n\n\n\n<p>En esa l\u00ednea destac\u00f3 el establecimiento de una oficina de asistencia t\u00e9cnica de la Corte Penal Internacional en la ciudad de Caracas, para profundizar el di\u00e1logo efectivo entre esta instancia y la Rep\u00fablica Bolivariana de Venezuela.<\/p>\n\n\n\n<p>\u201cNosotros somos los primeros que estamos interesados en la prevalencia plena de los derechos humanos\u201d, enfatiz\u00f3 el Presidente al t\u00e9rmino de una reuni\u00f3n sostenida con el Fiscal de la Corte Internacional (CPI), Karin A.A Khan QC.<\/p>\n\n\n\n<p>El presidente Nicol\u00e1s Maduro adem\u00e1s ratific\u00f3 la disposici\u00f3n e inter\u00e9s del Estado venezolano de hacer prevalecer los derechos humanos, los cuales est\u00e1n plasmados en la Constituci\u00f3n de la Rep\u00fablica Bolivariana de Venezuela.<\/p>\n\n\n\n<p>\u201cEstuvimos en la Asamblea Nacional Constituyente que escribi\u00f3 esta Constituci\u00f3n y, especialmente, el cap\u00edtulo de los Derechos Humanos y de los derechos sociales. Con todo, con nuestra mano, porque nuestra generaci\u00f3n de j\u00f3venes desde muy temprano, fuimos v\u00edctimas de una persecuci\u00f3n brutal de lo que aqu\u00ed en Venezuela se llam\u00f3 la IV Rep\u00fablica, la persecuci\u00f3n brutal donde ocurrieron masacres como la del 27 y 28 de febrero de 1989, llamada El Caracazo\u201d.<\/p>\n\n\n\n<p>En este sentido, el Dignatario recalc\u00f3 que el cap\u00edtulo de Derechos Humanos de la Carta Magna es \u201cuno de los m\u00e1s completos que pueden encontrarse en las Constituciones del mundo y que no es letra muerta, es letra viva en Venezuela\u201d.<\/p>\n\n\n\n<p><strong>Prensa Presidencial<\/strong><\/p>\n","protected":false},"excerpt":{"rendered":"<p>Palacio de Miraflores, Caracas.- \u201cVenezuela es un Estado de derecho y de justicia, en proceso de cambio, en proceso de perfecci\u00f3n, ahorita estamos en un proceso de reforma profunda. Yo le he llamado la revoluci\u00f3n de la justicia\u201d. La afirmaci\u00f3n corresponde al presidente de la Rep\u00fablica Bolivariana de Venezuela, Nicol\u00e1s Maduro Moros, quien se\u00f1al\u00f3 que [&hellip;]<\/p>\n","protected":false},"author":6,"featured_media":1611,"comment_status":"open","ping_status":"open","sticky":false,"template":"","format":"standard","meta":{"footnotes":""},"categories":[7],"tags":[],"class_list":["post-1610","post","type-post","status-publish","format-standard","has-post-thumbnail","hentry","category-notas-de-prensa"],"_links":{"self":[{"href":"https:\/\/prensapresidencialvenezuela.gob.ve\/index.php\/wp-json\/wp\/v2\/posts\/1610","targetHints":{"allow":["GET"]}}],"collection":[{"href":"https:\/\/prensapresidencialvenezuela.gob.ve\/index.php\/wp-json\/wp\/v2\/posts"}],"about":[{"href":"https:\/\/prensapresidencialvenezuela.gob.ve\/index.php\/wp-json\/wp\/v2\/types\/post"}],"author":[{"embeddable":true,"href":"https:\/\/prensapresidencialvenezuela.gob.ve\/index.php\/wp-json\/wp\/v2\/users\/6"}],"replies":[{"embeddable":true,"href":"https:\/\/prensapresidencialvenezuela.gob.ve\/index.php\/wp-json\/wp\/v2\/comments?post=1610"}],"version-history":[{"count":2,"href":"https:\/\/prensapresidencialvenezuela.gob.ve\/index.php\/wp-json\/wp\/v2\/posts\/1610\/revisions"}],"predecessor-version":[{"id":1613,"href":"https:\/\/prensapresidencialvenezuela.gob.ve\/index.php\/wp-json\/wp\/v2\/posts\/1610\/revisions\/1613"}],"wp:featuredmedia":[{"embeddable":true,"href":"https:\/\/prensapresidencialvenezuela.gob.ve\/index.php\/wp-json\/wp\/v2\/media\/1611"}],"wp:attachment":[{"href":"https:\/\/prensapresidencialvenezuela.gob.ve\/index.php\/wp-json\/wp\/v2\/media?parent=1610"}],"wp:term":[{"taxonomy":"category","embeddable":true,"href":"https:\/\/prensapresidencialvenezuela.gob.ve\/index.php\/wp-json\/wp\/v2\/categories?post=1610"},{"taxonomy":"post_tag","embeddable":true,"href":"https:\/\/prensapresidencialvenezuela.gob.ve\/index.php\/wp-json\/wp\/v2\/tags?post=1610"}],"curies":[{"name":"wp","href":"https:\/\/api.w.org\/{rel}","templated":true}]}}