{"id":16146,"date":"2025-01-06T17:36:53","date_gmt":"2025-01-06T21:36:53","guid":{"rendered":"https:\/\/prensapresidencialvenezuela.gob.ve\/?p=16146"},"modified":"2025-01-06T17:39:17","modified_gmt":"2025-01-06T21:39:17","slug":"ninos-y-ninas-llenan-de-alegria-la-casa-del-pueblo-con-la-llegada-de-los-reyes-magos","status":"publish","type":"post","link":"https:\/\/prensapresidencialvenezuela.gob.ve\/index.php\/2025\/01\/06\/ninos-y-ninas-llenan-de-alegria-la-casa-del-pueblo-con-la-llegada-de-los-reyes-magos\/","title":{"rendered":"Ni\u00f1os y ni\u00f1as llenan de alegr\u00eda la Casa del Pueblo con la llegada de los Reyes Magos"},"content":{"rendered":"\n<p><strong>Palacio de Miraflores.-<\/strong> Con sonrisas que expresan la m\u00e1s profunda alegr\u00eda, ni\u00f1os y ni\u00f1as compartieron con el presidente Nicol\u00e1s Maduro Moros, quien, con entusiasmo, les abrazo, en una actividad cultural y recreativa que tuvo como escenario el Palacio de Miraflores.<\/p>\n\n\n\n<p>Los m\u00e1s peque\u00f1os de la casa disfrutaron una tarde amena, en la que se celebr\u00f3 la tradicional bajada de los Reyes Magos, emblem\u00e1ticos personajes que protagonizaron este lunes diversas actividades culturales y recreativas para el disfrute de los habitantes de las parroquias capitalinas.<\/p>\n\n\n\n<p>Luego de este recorrido por las diversas parroquias, los Reyes Magos se hicieron presentes, sorprendiendo con regalos y dulces a los m\u00e1s peque\u00f1os de la casa.<\/p>\n\n\n\n<p>En esta actividad, el Dignatario venezolano estuvo acompa\u00f1ado por la Primera Combatiente de la Rep\u00fablica, Cilia Flores; &nbsp;el Jefe del Distrito Capital, Nah\u00fam Fern\u00e1ndez; el ministro del Poder Popular para la Cultura, Ernesto Villegas; y la alcaldesa del municipio Libertador, Carmen Mel\u00e9ndez.<\/p>\n\n\n\n<p>La Banda Show \u201cNuestra Se\u00f1ora de la Caridad\u201d ameniz\u00f3 el evento, junto a las 500 burriquitas, los zanqueros y zanqueras, entre actividades para todos los ni\u00f1os y ni\u00f1as.<\/p>\n\n\n\n<p>\u00abTiempo de paz y alegr\u00eda vienen para Venezuela\u00bb, declar\u00f3 el Presidente de la Rep\u00fablica, Nicol\u00e1s Maduro, al dirigirse a los presentes en esta celebraci\u00f3n.<\/p>\n\n\n\n<p><strong>Prensa Presidencial\/ Eduardo Hueck<\/strong><\/p>\n\n\n\n<p><\/p>\n","protected":false},"excerpt":{"rendered":"<p>Palacio de Miraflores.- Con sonrisas que expresan la m\u00e1s profunda alegr\u00eda, ni\u00f1os y ni\u00f1as compartieron con el presidente Nicol\u00e1s Maduro Moros, quien, con entusiasmo, les abrazo, en una actividad cultural y recreativa que tuvo como escenario el Palacio de Miraflores. Los m\u00e1s peque\u00f1os de la casa disfrutaron una tarde amena, en la que se celebr\u00f3 [&hellip;]<\/p>\n","protected":false},"author":1,"featured_media":16147,"comment_status":"open","ping_status":"open","sticky":false,"template":"","format":"standard","meta":{"footnotes":""},"categories":[18,7],"tags":[1108,1187,750,1186],"class_list":["post-16146","post","type-post","status-publish","format-standard","has-post-thumbnail","hentry","category-noticias-principales","category-notas-de-prensa","tag-celebracion","tag-magos","tag-ninos","tag-reyes"],"_links":{"self":[{"href":"https:\/\/prensapresidencialvenezuela.gob.ve\/index.php\/wp-json\/wp\/v2\/posts\/16146","targetHints":{"allow":["GET"]}}],"collection":[{"href":"https:\/\/prensapresidencialvenezuela.gob.ve\/index.php\/wp-json\/wp\/v2\/posts"}],"about":[{"href":"https:\/\/prensapresidencialvenezuela.gob.ve\/index.php\/wp-json\/wp\/v2\/types\/post"}],"author":[{"embeddable":true,"href":"https:\/\/prensapresidencialvenezuela.gob.ve\/index.php\/wp-json\/wp\/v2\/users\/1"}],"replies":[{"embeddable":true,"href":"https:\/\/prensapresidencialvenezuela.gob.ve\/index.php\/wp-json\/wp\/v2\/comments?post=16146"}],"version-history":[{"count":3,"href":"https:\/\/prensapresidencialvenezuela.gob.ve\/index.php\/wp-json\/wp\/v2\/posts\/16146\/revisions"}],"predecessor-version":[{"id":16150,"href":"https:\/\/prensapresidencialvenezuela.gob.ve\/index.php\/wp-json\/wp\/v2\/posts\/16146\/revisions\/16150"}],"wp:featuredmedia":[{"embeddable":true,"href":"https:\/\/prensapresidencialvenezuela.gob.ve\/index.php\/wp-json\/wp\/v2\/media\/16147"}],"wp:attachment":[{"href":"https:\/\/prensapresidencialvenezuela.gob.ve\/index.php\/wp-json\/wp\/v2\/media?parent=16146"}],"wp:term":[{"taxonomy":"category","embeddable":true,"href":"https:\/\/prensapresidencialvenezuela.gob.ve\/index.php\/wp-json\/wp\/v2\/categories?post=16146"},{"taxonomy":"post_tag","embeddable":true,"href":"https:\/\/prensapresidencialvenezuela.gob.ve\/index.php\/wp-json\/wp\/v2\/tags?post=16146"}],"curies":[{"name":"wp","href":"https:\/\/api.w.org\/{rel}","templated":true}]}}