{"id":16158,"date":"2025-01-06T20:41:41","date_gmt":"2025-01-07T00:41:41","guid":{"rendered":"https:\/\/prensapresidencialvenezuela.gob.ve\/?p=16158"},"modified":"2025-01-06T20:41:41","modified_gmt":"2025-01-07T00:41:41","slug":"mas-de-2-mil-invitados-internacionales-ya-estan-en-el-pais-para-acompanar-a-la-revolucion-bolivariana","status":"publish","type":"post","link":"https:\/\/prensapresidencialvenezuela.gob.ve\/index.php\/2025\/01\/06\/mas-de-2-mil-invitados-internacionales-ya-estan-en-el-pais-para-acompanar-a-la-revolucion-bolivariana\/","title":{"rendered":"M\u00e1s de 2 mil invitados internacionales ya est\u00e1n en el pa\u00eds para acompa\u00f1ar a la Revoluci\u00f3n Bolivariana"},"content":{"rendered":"\n<p><strong>Palacio De Miraflores, Caracas<\/strong>.- Durante una reuni\u00f3n de trabajo con las estructuras de Gobierno, el Jefe de Estado venezolano, Nicol\u00e1s Maduro, inform\u00f3 que han llegado alrededor de \u00abdos mil delegados de gobiernos, entre estos, pol\u00edticos, movimientos sociales, culturales e intelectuales\u00bb, que han viajado a Venezuela \u00abpor tierra, por agua, por aire\u00bb, para acompa\u00f1ar al pa\u00eds en este momento hist\u00f3rico.<\/p>\n\n\n\n<p>\u201cEstamos escribiendo historia hermosa y grande de este siglo XXI (\u2026) es bonito revisar, muy bien lo que hicimos en el 2024&#8243;, afirm\u00f3 Maduro, al subrayar la importancia de reflexionar sobre los avances en el crecimiento econ\u00f3mico y la recuperaci\u00f3n social del pa\u00eds.<\/p>\n\n\n\n<p>El Mandatario nacional enfatiz\u00f3 que Venezuela ha logrado \u00abcontinuar su camino de crecimiento econ\u00f3mico, de recuperaci\u00f3n social, de profundizaci\u00f3n de la democracia\u00bb, mientras se enfrenta a \u00ablos planes imperialistas del brote fascista, de odio, intolerancia y violencia\u00bb.<\/p>\n\n\n\n<p>Destac\u00f3 que el pueblo venezolano est\u00e1 \u00abcurado de espantos\u00bb y preparado para seguir adelante en la construcci\u00f3n de su futuro.<\/p>\n\n\n\n<p>El presidente Maduro tambi\u00e9n hizo referencia a la necesidad de una \u00abinmunidad espiritual, psicol\u00f3gica y pol\u00edtica\u00bb frente a las campa\u00f1as de odio y divisi\u00f3n que busca el enfrentamiento entre los venezolanos.<\/p>\n\n\n\n<p>En un tono reflexivo, resalt\u00f3 la importancia de la unidad y la defensa de los valores patri\u00f3ticos, sugiriendo que estas actitudes son parte fundamental de su proyecto pol\u00edtico.<\/p>\n\n\n\n<p>Asimismo, el Dignatario destac\u00f3 que la verdadera inspiraci\u00f3n de Venezuela proviene de su historia y sus l\u00edderes, no de potencias extranjeras.<\/p>\n\n\n\n<p>\u00abNuestra inspiraci\u00f3n es Bol\u00edvar, no es Washington\u00bb, sentenci\u00f3, al reafirmar su compromiso con un modelo de desarrollo aut\u00e9ntico y propio, enraizado en la cultura y los valores venezolanos.<\/p>\n\n\n\n<p>\u201cNuestra inspiraci\u00f3n est\u00e1 aqu\u00ed, en nuestra tierra, en el Orinoco, aqu\u00ed en la profundidad de Suram\u00e9rica, nuestro proyecto es suramericano, nuestro americano, no washintoniano, no est\u00e1 en Monroe, es Bol\u00edvar nuestro de cada d\u00eda, nuestro de ayer, nuestro de hoy, nuestro de siempre\u201d, subray\u00f3.<\/p>\n\n\n\n<p><strong>Prensa Presidencial\/ Eduardo Hueck<\/strong><\/p>\n","protected":false},"excerpt":{"rendered":"<p>Palacio De Miraflores, Caracas.- Durante una reuni\u00f3n de trabajo con las estructuras de Gobierno, el Jefe de Estado venezolano, Nicol\u00e1s Maduro, inform\u00f3 que han llegado alrededor de \u00abdos mil delegados de gobiernos, entre estos, pol\u00edticos, movimientos sociales, culturales e intelectuales\u00bb, que han viajado a Venezuela \u00abpor tierra, por agua, por aire\u00bb, para acompa\u00f1ar al pa\u00eds [&hellip;]<\/p>\n","protected":false},"author":1,"featured_media":16159,"comment_status":"open","ping_status":"open","sticky":false,"template":"","format":"standard","meta":{"footnotes":""},"categories":[18,7],"tags":[1189,1190],"class_list":["post-16158","post","type-post","status-publish","format-standard","has-post-thumbnail","hentry","category-noticias-principales","category-notas-de-prensa","tag-internacionales","tag-invitados"],"_links":{"self":[{"href":"https:\/\/prensapresidencialvenezuela.gob.ve\/index.php\/wp-json\/wp\/v2\/posts\/16158","targetHints":{"allow":["GET"]}}],"collection":[{"href":"https:\/\/prensapresidencialvenezuela.gob.ve\/index.php\/wp-json\/wp\/v2\/posts"}],"about":[{"href":"https:\/\/prensapresidencialvenezuela.gob.ve\/index.php\/wp-json\/wp\/v2\/types\/post"}],"author":[{"embeddable":true,"href":"https:\/\/prensapresidencialvenezuela.gob.ve\/index.php\/wp-json\/wp\/v2\/users\/1"}],"replies":[{"embeddable":true,"href":"https:\/\/prensapresidencialvenezuela.gob.ve\/index.php\/wp-json\/wp\/v2\/comments?post=16158"}],"version-history":[{"count":1,"href":"https:\/\/prensapresidencialvenezuela.gob.ve\/index.php\/wp-json\/wp\/v2\/posts\/16158\/revisions"}],"predecessor-version":[{"id":16160,"href":"https:\/\/prensapresidencialvenezuela.gob.ve\/index.php\/wp-json\/wp\/v2\/posts\/16158\/revisions\/16160"}],"wp:featuredmedia":[{"embeddable":true,"href":"https:\/\/prensapresidencialvenezuela.gob.ve\/index.php\/wp-json\/wp\/v2\/media\/16159"}],"wp:attachment":[{"href":"https:\/\/prensapresidencialvenezuela.gob.ve\/index.php\/wp-json\/wp\/v2\/media?parent=16158"}],"wp:term":[{"taxonomy":"category","embeddable":true,"href":"https:\/\/prensapresidencialvenezuela.gob.ve\/index.php\/wp-json\/wp\/v2\/categories?post=16158"},{"taxonomy":"post_tag","embeddable":true,"href":"https:\/\/prensapresidencialvenezuela.gob.ve\/index.php\/wp-json\/wp\/v2\/tags?post=16158"}],"curies":[{"name":"wp","href":"https:\/\/api.w.org\/{rel}","templated":true}]}}