{"id":16199,"date":"2025-01-07T18:31:26","date_gmt":"2025-01-07T22:31:26","guid":{"rendered":"https:\/\/prensapresidencialvenezuela.gob.ve\/?p=16199"},"modified":"2025-01-07T18:38:38","modified_gmt":"2025-01-07T22:38:38","slug":"gobierno-bolivariano-entrega-centros-educativos-rehabilitados-por-las-bricomiles-en-varios-estados-del-pais","status":"publish","type":"post","link":"https:\/\/prensapresidencialvenezuela.gob.ve\/index.php\/2025\/01\/07\/gobierno-bolivariano-entrega-centros-educativos-rehabilitados-por-las-bricomiles-en-varios-estados-del-pais\/","title":{"rendered":"Gobierno Bolivariano entreg\u00f3 centros educativos rehabilitados por las Bricomiles en varios estados del pa\u00eds"},"content":{"rendered":"\n<p><strong>Palacio de Miraflores, Caracas.- <\/strong>Durante el reinicio de clases 2025, el presidente de la Rep\u00fablica Bolivariana de Venezuela, Nicol\u00e1s Maduro Moros, entreg\u00f3 instituciones educativas rehabilitadas, en diferentes estados del pa\u00eds, con el objetivo de garantizar espacios \u00f3ptimos y acordes a los requerimientos de los centros de formaci\u00f3n.<\/p>\n\n\n\n<p>En esa l\u00ednea, el Mandatario nacional realiz\u00f3 un contacto televisivo con el estado Zulia, en donde el presidente de Corpozulia, N\u00e9stor Reverol, dio parte de la rehabilitaci\u00f3n del Centro de Educaci\u00f3n&nbsp; Inicial \u00abDr. Jos\u00e9 Encarnaci\u00f3n Serrano\u00bb, en la entidad<strong>, <\/strong>con el objetivo de adecuar los espacios educativos para el reinicio de clases en el 2025. <strong><\/strong><\/p>\n\n\n\n<p>En este centro de educaci\u00f3n se benefician ni\u00f1os y ni\u00f1as, quienes podr\u00e1n &nbsp;disfrutar de espacios rehabilitados, tras realizarse labores en instalaciones sanitarias, trabajos de impermeabilizaci\u00f3n, sustituci\u00f3n de techos, rehabilitaci\u00f3n de instalaciones el\u00e9ctricas, pintura en paredes y techos, rehabilitaci\u00f3n de parque infantil y construcci\u00f3n de una&nbsp; cerca perimetral.<\/p>\n\n\n\n<p>En la ciudad de Caracas, se entreg\u00f3 rehabilitada la Escuela de Educaci\u00f3n Especial \u00abHellen Keller\u00bb, complejo educativo La Gran Colombia, en el municipio Libertador, en donde estuvo presente la alcaldesa de Caracas, Carmen Mel\u00e9ndez, quien dio parte de esta recuperaci\u00f3n.<\/p>\n\n\n\n<p>Este recinto fue fundado el 01 de octubre de 1964, y en la actualidad cuenta con un registro de 5 mil 440 alumnos y alumnas &nbsp;e imparte niveles de instrucci\u00f3n, inicial y primaria especial (ni\u00f1as y ni\u00f1os con discapacidad auditiva).<\/p>\n\n\n\n<p>Este complejo educativo cuenta con un equipo de doce (12) docentes, doce (12) obreros, cinco (5)&nbsp; cocineras, y tiene un registro de matr\u00edcula estudiantil de treinta y tres (33) ni\u00f1os, once (11) ni\u00f1as, y veintid\u00f3s&nbsp; (22) ni\u00f1os con discapacidad.<\/p>\n\n\n\n<p>Por otra parte, se hizo un contacto satelital a San Juan de los Morros, estado Gu\u00e1rico, exactamente a la Escuela B\u00e1sica \u00abAmalia de Lara\u00bb, para&nbsp; hacer entrega de los trabajos de rehabilitaci\u00f3n del centro educativo, que cuenta con niveles de educaci\u00f3n inicial y primaria, y una infraestructura que consta de 9 aulas (7 primarias y 2 inicial), y una matriculada de 344 ni\u00f1os y ni\u00f1as.<\/p>\n\n\n\n<p>Entre los espacios recuperados est\u00e1n nueve (9) aulas, una (1) cocina, una (1) una oficina de direcci\u00f3n, una (1) cancha, cinco (5)&nbsp; \u00e1reas sanitarias, sistemas el\u00e9ctricos e iluminaci\u00f3n, iimpermeabilizaci\u00f3n de techos, y pintura en \u00e1reas externas e internas de la instituci\u00f3n.<\/p>\n\n\n\n<p>El gobernador del estado Gu\u00e1rico, Jos\u00e9 V\u00e1squez, resalt\u00f3 el programa \u00abSalud va a la escuela\u00bb, con desarrollo permanente en la regi\u00f3n, cuyo objetivo es atender y garantizar la salud de todos los ni\u00f1os y ni\u00f1as.<\/p>\n\n\n\n<p><strong>Inauguraci\u00f3n del <\/strong><strong>Centro Educativo \u00abTrina de Moreno\u00bb<\/strong><strong><\/strong><\/p>\n\n\n\n<p>En tanto, en el estado Portuguesa se inaugur\u00f3 el Centro Educativo \u00abTrina de Moreno\u00bb, con el objetivo de garantizar espacios operativos y en \u00f3ptimas condiciones, acorde a los est\u00e1ndares y necesidades de la poblaci\u00f3n estudiantil del estado.<\/p>\n\n\n\n<p>La infraestructura de esta instituci\u00f3n fue recuperada al 100%, con el objetivo de mantener los espacios educativos de los 1.571 estudiantes que se forman diariamente en el centro, entre los niveles de educaci\u00f3n inicial, media general y media t\u00e9cnica.<\/p>\n\n\n\n<p>Es de inter\u00e9s mencionar que en la entidad se efectu\u00f3 un retorno escolar en los 1.518 planteles, y en los catorce (14) municipios que existen en la entidad.<\/p>\n\n\n\n<p>Como parte del reinicio del a\u00f1o escolar, el Presidente Maduro resalt\u00f3: \u00abPor la voluntad de nuestro pueblo y las bendiciones de Dios, el camino seguir\u00e1 en paz, para dar educaci\u00f3n a los ni\u00f1os y garantizar con la educaci\u00f3n, la cultura, el conocimiento y la ciencia, para que esta Generaci\u00f3n Genial tome las riendas de esta Patria y de la m\u00e1xima felicidad social\u00bb. <a><\/a><strong>Prensa Presidencial\/Irmary D\u00edaz.<\/strong><\/p>\n","protected":false},"excerpt":{"rendered":"<p>Palacio de Miraflores, Caracas.- Durante el reinicio de clases 2025, el presidente de la Rep\u00fablica Bolivariana de Venezuela, Nicol\u00e1s Maduro Moros, entreg\u00f3 instituciones educativas rehabilitadas, en diferentes estados del pa\u00eds, con el objetivo de garantizar espacios \u00f3ptimos y acordes a los requerimientos de los centros de formaci\u00f3n. En esa l\u00ednea, el Mandatario nacional realiz\u00f3 un [&hellip;]<\/p>\n","protected":false},"author":1,"featured_media":16191,"comment_status":"open","ping_status":"open","sticky":false,"template":"","format":"standard","meta":{"footnotes":""},"categories":[18,7],"tags":[63,953,208],"class_list":["post-16199","post","type-post","status-publish","format-standard","has-post-thumbnail","hentry","category-noticias-principales","category-notas-de-prensa","tag-educacion","tag-pais","tag-rehabilitacion"],"_links":{"self":[{"href":"https:\/\/prensapresidencialvenezuela.gob.ve\/index.php\/wp-json\/wp\/v2\/posts\/16199","targetHints":{"allow":["GET"]}}],"collection":[{"href":"https:\/\/prensapresidencialvenezuela.gob.ve\/index.php\/wp-json\/wp\/v2\/posts"}],"about":[{"href":"https:\/\/prensapresidencialvenezuela.gob.ve\/index.php\/wp-json\/wp\/v2\/types\/post"}],"author":[{"embeddable":true,"href":"https:\/\/prensapresidencialvenezuela.gob.ve\/index.php\/wp-json\/wp\/v2\/users\/1"}],"replies":[{"embeddable":true,"href":"https:\/\/prensapresidencialvenezuela.gob.ve\/index.php\/wp-json\/wp\/v2\/comments?post=16199"}],"version-history":[{"count":2,"href":"https:\/\/prensapresidencialvenezuela.gob.ve\/index.php\/wp-json\/wp\/v2\/posts\/16199\/revisions"}],"predecessor-version":[{"id":16201,"href":"https:\/\/prensapresidencialvenezuela.gob.ve\/index.php\/wp-json\/wp\/v2\/posts\/16199\/revisions\/16201"}],"wp:featuredmedia":[{"embeddable":true,"href":"https:\/\/prensapresidencialvenezuela.gob.ve\/index.php\/wp-json\/wp\/v2\/media\/16191"}],"wp:attachment":[{"href":"https:\/\/prensapresidencialvenezuela.gob.ve\/index.php\/wp-json\/wp\/v2\/media?parent=16199"}],"wp:term":[{"taxonomy":"category","embeddable":true,"href":"https:\/\/prensapresidencialvenezuela.gob.ve\/index.php\/wp-json\/wp\/v2\/categories?post=16199"},{"taxonomy":"post_tag","embeddable":true,"href":"https:\/\/prensapresidencialvenezuela.gob.ve\/index.php\/wp-json\/wp\/v2\/tags?post=16199"}],"curies":[{"name":"wp","href":"https:\/\/api.w.org\/{rel}","templated":true}]}}