{"id":1620,"date":"2022-04-05T16:31:00","date_gmt":"2022-04-05T16:31:00","guid":{"rendered":"http:\/\/172.27.0.121\/?p=1620"},"modified":"2022-06-29T16:35:03","modified_gmt":"2022-06-29T16:35:03","slug":"presidente-maduro-recibe-a-integrantes-del-foro-civico-en-miraflores","status":"publish","type":"post","link":"https:\/\/prensapresidencialvenezuela.gob.ve\/index.php\/2022\/04\/05\/presidente-maduro-recibe-a-integrantes-del-foro-civico-en-miraflores\/","title":{"rendered":"Presidente Maduro recibe a integrantes del Foro C\u00edvico en Miraflores"},"content":{"rendered":"\n<p><strong>Palacio de Miraflores, Caracas-<\/strong> El presidente de la Rep\u00fablica Bolivariana de Venezuela, Nicol\u00e1s Maduro, recibe este martes a los integrantes del Foro C\u00edvico, plataforma que articula a organizaciones de la sociedad civil venezolana.<\/p>\n\n\n\n<p>En el encuentro, que se desarrolla en el sal\u00f3n Sim\u00f3n Bol\u00edvar del Palacio de Miraflores, ubicado en Caracas, participan la integrante del Movimiento Ciudadano Dale Letra, Mariela Ram\u00edrez; el presidente de Acci\u00f3n Solidaria, Feliciano Reyna; el presidente de la Academia Nacional de Medicina, Enrique L\u00f3pez Loyo; y el expresidente de Fedec\u00e1maras, Ricardo Cusanno.<\/p>\n\n\n\n<p>Asimismo, asisten el integrante del Observatorio Electoral Venezolano, Luis Lander; el l\u00edder del Movimiento de Sindicatos de Base (Mosbase), Pablo Zambrano; el presidente de Uni\u00f3n Vecinal, William Requejo; la directora de Voto Joven, Wanda Cede\u00f1o, y el integrante de Monitor Salud, Mauro Zambrano, as\u00ed como el acad\u00e9mico Juan Luis Sosa y la profesora universitaria Keta Stephany.<\/p>\n\n\n\n<p>En el Foro C\u00edvico convergen organizaciones de derechos humanos, acad\u00e9micos, grupos religiosos, empresarios y sindicatos.<\/p>\n\n\n\n<p>La reuni\u00f3n entre el Jefe de Estado e integrantes del Foro C\u00edvico se realiza en el contexto del proceso de di\u00e1logo, bajo las premisas de entendimiento y respeto a las diferencias, con sectores pol\u00edticos, sociales, econ\u00f3micos, religiosos y culturales.<\/p>\n\n\n\n<p><strong>Prensa Presidencial<\/strong><\/p>\n","protected":false},"excerpt":{"rendered":"<p>Palacio de Miraflores, Caracas- El presidente de la Rep\u00fablica Bolivariana de Venezuela, Nicol\u00e1s Maduro, recibe este martes a los integrantes del Foro C\u00edvico, plataforma que articula a organizaciones de la sociedad civil venezolana. En el encuentro, que se desarrolla en el sal\u00f3n Sim\u00f3n Bol\u00edvar del Palacio de Miraflores, ubicado en Caracas, participan la integrante del [&hellip;]<\/p>\n","protected":false},"author":6,"featured_media":1621,"comment_status":"open","ping_status":"open","sticky":false,"template":"","format":"standard","meta":{"footnotes":""},"categories":[7],"tags":[],"class_list":["post-1620","post","type-post","status-publish","format-standard","has-post-thumbnail","hentry","category-notas-de-prensa"],"_links":{"self":[{"href":"https:\/\/prensapresidencialvenezuela.gob.ve\/index.php\/wp-json\/wp\/v2\/posts\/1620","targetHints":{"allow":["GET"]}}],"collection":[{"href":"https:\/\/prensapresidencialvenezuela.gob.ve\/index.php\/wp-json\/wp\/v2\/posts"}],"about":[{"href":"https:\/\/prensapresidencialvenezuela.gob.ve\/index.php\/wp-json\/wp\/v2\/types\/post"}],"author":[{"embeddable":true,"href":"https:\/\/prensapresidencialvenezuela.gob.ve\/index.php\/wp-json\/wp\/v2\/users\/6"}],"replies":[{"embeddable":true,"href":"https:\/\/prensapresidencialvenezuela.gob.ve\/index.php\/wp-json\/wp\/v2\/comments?post=1620"}],"version-history":[{"count":1,"href":"https:\/\/prensapresidencialvenezuela.gob.ve\/index.php\/wp-json\/wp\/v2\/posts\/1620\/revisions"}],"predecessor-version":[{"id":1622,"href":"https:\/\/prensapresidencialvenezuela.gob.ve\/index.php\/wp-json\/wp\/v2\/posts\/1620\/revisions\/1622"}],"wp:featuredmedia":[{"embeddable":true,"href":"https:\/\/prensapresidencialvenezuela.gob.ve\/index.php\/wp-json\/wp\/v2\/media\/1621"}],"wp:attachment":[{"href":"https:\/\/prensapresidencialvenezuela.gob.ve\/index.php\/wp-json\/wp\/v2\/media?parent=1620"}],"wp:term":[{"taxonomy":"category","embeddable":true,"href":"https:\/\/prensapresidencialvenezuela.gob.ve\/index.php\/wp-json\/wp\/v2\/categories?post=1620"},{"taxonomy":"post_tag","embeddable":true,"href":"https:\/\/prensapresidencialvenezuela.gob.ve\/index.php\/wp-json\/wp\/v2\/tags?post=1620"}],"curies":[{"name":"wp","href":"https:\/\/api.w.org\/{rel}","templated":true}]}}