{"id":16202,"date":"2025-01-07T18:53:29","date_gmt":"2025-01-07T22:53:29","guid":{"rendered":"https:\/\/prensapresidencialvenezuela.gob.ve\/?p=16202"},"modified":"2025-01-07T18:53:29","modified_gmt":"2025-01-07T22:53:29","slug":"gobierno-de-venezuela-convoca-a-estudiantes-para-debatir-sobre-los-peligros-de-retos-virales","status":"publish","type":"post","link":"https:\/\/prensapresidencialvenezuela.gob.ve\/index.php\/2025\/01\/07\/gobierno-de-venezuela-convoca-a-estudiantes-para-debatir-sobre-los-peligros-de-retos-virales\/","title":{"rendered":"Gobierno de Venezuela convoca a estudiantes para debatir sobre los peligros de retos virales"},"content":{"rendered":"\n<p><strong>Palacio de Miraflores, Caracas.- <\/strong>El presidente de la Rep\u00fablica Bolivariana de Venezuela, Nicol\u00e1s Maduro, convoc\u00f3 una reuni\u00f3n con el liderazgo nacional de estu<a><\/a>diantes de educaci\u00f3n media general para abordar la alarmante situaci\u00f3n de los retos virales en redes sociales, que han dejado un saldo tr\u00e1gico de tres estudiantes muertos y numerosos heridos.<\/p>\n\n\n\n<p>El Mandatario se\u00f1al\u00f3 directamente a la red social <em>TikTok<\/em>, acusando a su jefe mundial de tener \u00ablas manos manchadas de sangre\u00bb.<\/p>\n\n\n\n<p>\u00abLa juventud debe estar alerta. Lo que ocurre detr\u00e1s de la pantalla tiene consecuencias reales y devastadoras\u00bb, afirm\u00f3 el jefe de Estado. Su denuncia se hizo eco de un triste incidente reciente en el que una adolescente perdi\u00f3 la vida en el estado Zulia al ser quemada en vivo durante un reto viral. \u00ab\u00bfEs eso legal? Pregunt\u00f3 a padres, madres y docentes: \u00bfEs aceptable?\u00bb, cuestion\u00f3 el Presidente, se\u00f1alando la gravedad de la situaci\u00f3n.<\/p>\n\n\n\n<p>El jefe de Estado inst\u00f3 a la comunidad educativa asumir un rol activo en la creaci\u00f3n de conciencia sobre los peligros que representan estas plataformas, especialmente <em>TikTok<\/em>.<\/p>\n\n\n\n<p>\u00abEs fundamental que las escuelas sean espacios donde se discutan estos temas. Exhorto a los ministros a proteger a nuestros j\u00f3venes frente a estas manipulaciones\u00bb, a\u00f1adi\u00f3.<\/p>\n\n\n\n<p>El Dignatario resalt\u00f3 la responsabilidad compartida entre las instituciones educativas y las familias para educar a los j\u00f3venes sobre los riesgos inherentes a las redes sociales. \u00abDebemos empoderar a nuestra muchachada y no permitir que caigan en las trampas de la manipulaci\u00f3n perversa a la que est\u00e1n expuestos\u00bb, expres\u00f3.<\/p>\n\n\n\n<p>Con firmeza, el presidente Maduro asever\u00f3: \u00abNo me tiembla el pulso. No le temo a nada ni a nadie en defensa del derecho a la vida y la salud mental de nuestros j\u00f3venes. Lo que haya que hacer para protegerlos, lo har\u00e9 con el apoyo de nuestra juventud\u00bb.<\/p>\n\n\n\n<p>La declaraci\u00f3n del jefe de Estado resuena en un momento cr\u00edtico, en el cual el uso irresponsable de las redes sociales se convierte en un peligro latente para la juventud, demandando una acci\u00f3n colectiva que priorice el bienestar y la seguridad de las generaciones futuras.<\/p>\n\n\n\n<p><strong>Prensa Presidencial \/ Luis Tavera<\/strong><\/p>\n","protected":false},"excerpt":{"rendered":"<p>Palacio de Miraflores, Caracas.- El presidente de la Rep\u00fablica Bolivariana de Venezuela, Nicol\u00e1s Maduro, convoc\u00f3 una reuni\u00f3n con el liderazgo nacional de estudiantes de educaci\u00f3n media general para abordar la alarmante situaci\u00f3n de los retos virales en redes sociales, que han dejado un saldo tr\u00e1gico de tres estudiantes muertos y numerosos heridos. El Mandatario se\u00f1al\u00f3 [&hellip;]<\/p>\n","protected":false},"author":1,"featured_media":16203,"comment_status":"open","ping_status":"open","sticky":false,"template":"","format":"standard","meta":{"footnotes":""},"categories":[18,7],"tags":[849,894,1084],"class_list":["post-16202","post","type-post","status-publish","format-standard","has-post-thumbnail","hentry","category-noticias-principales","category-notas-de-prensa","tag-debate","tag-estudiantes","tag-retos"],"_links":{"self":[{"href":"https:\/\/prensapresidencialvenezuela.gob.ve\/index.php\/wp-json\/wp\/v2\/posts\/16202","targetHints":{"allow":["GET"]}}],"collection":[{"href":"https:\/\/prensapresidencialvenezuela.gob.ve\/index.php\/wp-json\/wp\/v2\/posts"}],"about":[{"href":"https:\/\/prensapresidencialvenezuela.gob.ve\/index.php\/wp-json\/wp\/v2\/types\/post"}],"author":[{"embeddable":true,"href":"https:\/\/prensapresidencialvenezuela.gob.ve\/index.php\/wp-json\/wp\/v2\/users\/1"}],"replies":[{"embeddable":true,"href":"https:\/\/prensapresidencialvenezuela.gob.ve\/index.php\/wp-json\/wp\/v2\/comments?post=16202"}],"version-history":[{"count":1,"href":"https:\/\/prensapresidencialvenezuela.gob.ve\/index.php\/wp-json\/wp\/v2\/posts\/16202\/revisions"}],"predecessor-version":[{"id":16204,"href":"https:\/\/prensapresidencialvenezuela.gob.ve\/index.php\/wp-json\/wp\/v2\/posts\/16202\/revisions\/16204"}],"wp:featuredmedia":[{"embeddable":true,"href":"https:\/\/prensapresidencialvenezuela.gob.ve\/index.php\/wp-json\/wp\/v2\/media\/16203"}],"wp:attachment":[{"href":"https:\/\/prensapresidencialvenezuela.gob.ve\/index.php\/wp-json\/wp\/v2\/media?parent=16202"}],"wp:term":[{"taxonomy":"category","embeddable":true,"href":"https:\/\/prensapresidencialvenezuela.gob.ve\/index.php\/wp-json\/wp\/v2\/categories?post=16202"},{"taxonomy":"post_tag","embeddable":true,"href":"https:\/\/prensapresidencialvenezuela.gob.ve\/index.php\/wp-json\/wp\/v2\/tags?post=16202"}],"curies":[{"name":"wp","href":"https:\/\/api.w.org\/{rel}","templated":true}]}}