{"id":16211,"date":"2025-01-07T19:23:57","date_gmt":"2025-01-07T23:23:57","guid":{"rendered":"https:\/\/prensapresidencialvenezuela.gob.ve\/?p=16211"},"modified":"2025-01-07T19:34:06","modified_gmt":"2025-01-07T23:34:06","slug":"presidente-maduro-lidera-acto-de-juramentacion-de-los-cuerpos-combatientes","status":"publish","type":"post","link":"https:\/\/prensapresidencialvenezuela.gob.ve\/index.php\/2025\/01\/07\/presidente-maduro-lidera-acto-de-juramentacion-de-los-cuerpos-combatientes\/","title":{"rendered":"Presidente Maduro lider\u00f3 acto de juramentaci\u00f3n de los Cuerpos Combatientes"},"content":{"rendered":"\n<p><strong>Palacio de Miraflores, Caracas.-<\/strong> El presidente de la Rep\u00fablica Bolivariana de Venezuela, Nicol\u00e1s Maduro Moros, lider\u00f3 en el Palacio de Miraflores un acto de juramentaci\u00f3n de los Cuerpos Combatientes.<\/p>\n\n\n\n<p>Los cuerpos Combatientes est\u00e1n conformados por la clase obrera de las empresas e instituciones p\u00fablicas, hombres y mujeres de los ministerios, pueblo comunero y los diversos sectores productivos del pa\u00eds.<\/p>\n\n\n\n<p>Tienen el objetivo de proteger y garantizar las \u00e1reas de la producci\u00f3n, el resguardo de la sociedad y otras zonas que tengan conexi\u00f3n con la Defensa Integral de la Naci\u00f3n.<\/p>\n\n\n\n<p>Est\u00e1 uni\u00f3n ratifica lo que ha expresado el Mandatario venezolano: \u00abLa Fusi\u00f3n C\u00edvico Militar Policial\u00bb, en donde, todos los que aman la Patria, se organizan para garantizar la paz en tierra bolivariana.<\/p>\n\n\n\n<p>Acompa\u00f1an, al tambi\u00e9n comandante en Jefe de la Fuerza Armada Nacional Bolivariana (FANB), Nicol\u00e1s Maduro, el M\/G Orlando Romero, comandante de la Milicia Nacional Bolivariana; el jefe del Distrito Capital, Nah\u00fam Fern\u00e1ndez; el ministro del Poder Popular para la Alimentaci\u00f3n, M\/G Carlos Leal Teller\u00eda.<\/p>\n\n\n\n<p>Millones de combatientes se movilizaron en las regiones, en la ciudad capital bajaron desde el Cuartel 4F, ubicado en el 23 de Enero, hasta llegar al Palacio de Miraflores para prestar juramento por la paz de la Naci\u00f3n.<\/p>\n\n\n\n<p>Prensa Presidencial \/ Eduardo Hueck<\/p>\n","protected":false},"excerpt":{"rendered":"<p>Palacio de Miraflores, Caracas.- El presidente de la Rep\u00fablica Bolivariana de Venezuela, Nicol\u00e1s Maduro Moros, lider\u00f3 en el Palacio de Miraflores un acto de juramentaci\u00f3n de los Cuerpos Combatientes. Los cuerpos Combatientes est\u00e1n conformados por la clase obrera de las empresas e instituciones p\u00fablicas, hombres y mujeres de los ministerios, pueblo comunero y los diversos [&hellip;]<\/p>\n","protected":false},"author":1,"featured_media":16212,"comment_status":"open","ping_status":"open","sticky":false,"template":"","format":"standard","meta":{"footnotes":""},"categories":[18,7],"tags":[1199,829],"class_list":["post-16211","post","type-post","status-publish","format-standard","has-post-thumbnail","hentry","category-noticias-principales","category-notas-de-prensa","tag-combatientes","tag-juramentacion"],"_links":{"self":[{"href":"https:\/\/prensapresidencialvenezuela.gob.ve\/index.php\/wp-json\/wp\/v2\/posts\/16211","targetHints":{"allow":["GET"]}}],"collection":[{"href":"https:\/\/prensapresidencialvenezuela.gob.ve\/index.php\/wp-json\/wp\/v2\/posts"}],"about":[{"href":"https:\/\/prensapresidencialvenezuela.gob.ve\/index.php\/wp-json\/wp\/v2\/types\/post"}],"author":[{"embeddable":true,"href":"https:\/\/prensapresidencialvenezuela.gob.ve\/index.php\/wp-json\/wp\/v2\/users\/1"}],"replies":[{"embeddable":true,"href":"https:\/\/prensapresidencialvenezuela.gob.ve\/index.php\/wp-json\/wp\/v2\/comments?post=16211"}],"version-history":[{"count":3,"href":"https:\/\/prensapresidencialvenezuela.gob.ve\/index.php\/wp-json\/wp\/v2\/posts\/16211\/revisions"}],"predecessor-version":[{"id":16216,"href":"https:\/\/prensapresidencialvenezuela.gob.ve\/index.php\/wp-json\/wp\/v2\/posts\/16211\/revisions\/16216"}],"wp:featuredmedia":[{"embeddable":true,"href":"https:\/\/prensapresidencialvenezuela.gob.ve\/index.php\/wp-json\/wp\/v2\/media\/16212"}],"wp:attachment":[{"href":"https:\/\/prensapresidencialvenezuela.gob.ve\/index.php\/wp-json\/wp\/v2\/media?parent=16211"}],"wp:term":[{"taxonomy":"category","embeddable":true,"href":"https:\/\/prensapresidencialvenezuela.gob.ve\/index.php\/wp-json\/wp\/v2\/categories?post=16211"},{"taxonomy":"post_tag","embeddable":true,"href":"https:\/\/prensapresidencialvenezuela.gob.ve\/index.php\/wp-json\/wp\/v2\/tags?post=16211"}],"curies":[{"name":"wp","href":"https:\/\/api.w.org\/{rel}","templated":true}]}}