{"id":16263,"date":"2025-01-08T20:33:12","date_gmt":"2025-01-09T00:33:12","guid":{"rendered":"https:\/\/prensapresidencialvenezuela.gob.ve\/?p=16263"},"modified":"2025-01-08T20:33:13","modified_gmt":"2025-01-09T00:33:13","slug":"los-oddi-son-instancias-de-planificacion-coordinacion-e-integracion","status":"publish","type":"post","link":"https:\/\/prensapresidencialvenezuela.gob.ve\/index.php\/2025\/01\/08\/los-oddi-son-instancias-de-planificacion-coordinacion-e-integracion\/","title":{"rendered":"Los ODDI son instancias de planificaci\u00f3n, coordinaci\u00f3n e integraci\u00f3n"},"content":{"rendered":"\n<p><strong>Palacio de Miraflores, Caracas.<\/strong><strong>&#8211; <\/strong>El presidente de la Rep\u00fablica Bolivariana de Venezuela, Nicol\u00e1s Maduro, recalc\u00f3 que los \u00d3rganos de Direcci\u00f3n para la Defensa Integral (ODDI) son instancias de planificaci\u00f3n, coordinaci\u00f3n e integraci\u00f3n.<\/p>\n\n\n\n<p>Desde el sal\u00f3n Ayacucho del Palacio de Miraflores, en donde qued\u00f3 activado este \u00f3rgano, el Mandatario detall\u00f3:\u00abQueda activado constitucionalmente el \u00d3rgano Nacional de Direcci\u00f3n para la Defensa Integral, los ODDI Nacional; y en los 23 estados del pa\u00eds, junto a la capital Caracas, los ODDI de defensa integral estadales\u00bb.<\/p>\n\n\n\n<p>Sobre las instancias tambi\u00e9n puestas en marcha en los municipios, parroquias y circuitos comunales del pa\u00eds, &nbsp;el Dignatario destac\u00f3 que esta activaci\u00f3n se orienta a la defensa de la democracia, la paz, el orden interno, la seguridad, la soberan\u00eda y la Constituci\u00f3n.<\/p>\n\n\n\n<p>Son \u00abinstancias de planificaci\u00f3n, coordinaci\u00f3n, integraci\u00f3n y ejecuci\u00f3n de todos los poderes del Estado, en todos sus niveles\u00bb, ratific\u00f3.<\/p>\n\n\n\n<p>En esa l\u00ednea, a\u00f1adi\u00f3 que esta es \u00abuna integraci\u00f3n pueblo y Gobierno a los fines de dar cumplimiento al principio constitucional de corresponsabilidad en el Estado y la sociedad, para salvaguardar la independencia, la libertad, la democracia, la soberan\u00eda, la seguridad y defensa integral de la naci\u00f3n, de toda amenaza interna o externa\u00bb.<\/p>\n\n\n\n<p>El presidente Maduro tambi\u00e9n critic\u00f3 los antiguos conceptos de seguridad nacional basados en manuales militares estadounidenses, antes de la llegada de la Revoluci\u00f3n Bolivariana.<\/p>\n\n\n\n<p>\u00abMiren este concepto absolutamente moderno, avanzado. de la seguridad de la naci\u00f3n. Ya no es el viejo concepto de seguridad de la naci\u00f3n de los manuales gringos\u00bb, dijo, al destacar que el nuevo enfoque se construy\u00f3 bajo la orientaci\u00f3n del pensamiento bolivariano del comandante Hugo Ch\u00e1vez.<\/p>\n\n\n\n<p>El jefe de Estado hizo hincapi\u00e9 en que la nueva arquitectura del Estado se basa en principios humanistas y democr\u00e1ticos.<\/p>\n\n\n\n<p>\u00abLa construcci\u00f3n de una nueva arquitectura, de un nuevo Estado profundamente moderno, humanista, democr\u00e1tico, basado en los principios\u00bb, en este sentido reafirm\u00f3 su compromiso con la defensa integral del pa\u00eds.<\/p>\n\n\n\n<p><strong>Prensa Presidencial \/ Eduardo Hueck<\/strong><\/p>\n","protected":false},"excerpt":{"rendered":"<p>Palacio de Miraflores, Caracas.&#8211; El presidente de la Rep\u00fablica Bolivariana de Venezuela, Nicol\u00e1s Maduro, recalc\u00f3 que los \u00d3rganos de Direcci\u00f3n para la Defensa Integral (ODDI) son instancias de planificaci\u00f3n, coordinaci\u00f3n e integraci\u00f3n. Desde el sal\u00f3n Ayacucho del Palacio de Miraflores, en donde qued\u00f3 activado este \u00f3rgano, el Mandatario detall\u00f3:\u00abQueda activado constitucionalmente el \u00d3rgano Nacional de [&hellip;]<\/p>\n","protected":false},"author":1,"featured_media":16264,"comment_status":"open","ping_status":"open","sticky":false,"template":"","format":"standard","meta":{"footnotes":""},"categories":[18,7],"tags":[1048,1042],"class_list":["post-16263","post","type-post","status-publish","format-standard","has-post-thumbnail","hentry","category-noticias-principales","category-notas-de-prensa","tag-integracion","tag-planificacion"],"_links":{"self":[{"href":"https:\/\/prensapresidencialvenezuela.gob.ve\/index.php\/wp-json\/wp\/v2\/posts\/16263","targetHints":{"allow":["GET"]}}],"collection":[{"href":"https:\/\/prensapresidencialvenezuela.gob.ve\/index.php\/wp-json\/wp\/v2\/posts"}],"about":[{"href":"https:\/\/prensapresidencialvenezuela.gob.ve\/index.php\/wp-json\/wp\/v2\/types\/post"}],"author":[{"embeddable":true,"href":"https:\/\/prensapresidencialvenezuela.gob.ve\/index.php\/wp-json\/wp\/v2\/users\/1"}],"replies":[{"embeddable":true,"href":"https:\/\/prensapresidencialvenezuela.gob.ve\/index.php\/wp-json\/wp\/v2\/comments?post=16263"}],"version-history":[{"count":1,"href":"https:\/\/prensapresidencialvenezuela.gob.ve\/index.php\/wp-json\/wp\/v2\/posts\/16263\/revisions"}],"predecessor-version":[{"id":16265,"href":"https:\/\/prensapresidencialvenezuela.gob.ve\/index.php\/wp-json\/wp\/v2\/posts\/16263\/revisions\/16265"}],"wp:featuredmedia":[{"embeddable":true,"href":"https:\/\/prensapresidencialvenezuela.gob.ve\/index.php\/wp-json\/wp\/v2\/media\/16264"}],"wp:attachment":[{"href":"https:\/\/prensapresidencialvenezuela.gob.ve\/index.php\/wp-json\/wp\/v2\/media?parent=16263"}],"wp:term":[{"taxonomy":"category","embeddable":true,"href":"https:\/\/prensapresidencialvenezuela.gob.ve\/index.php\/wp-json\/wp\/v2\/categories?post=16263"},{"taxonomy":"post_tag","embeddable":true,"href":"https:\/\/prensapresidencialvenezuela.gob.ve\/index.php\/wp-json\/wp\/v2\/tags?post=16263"}],"curies":[{"name":"wp","href":"https:\/\/api.w.org\/{rel}","templated":true}]}}