{"id":1629,"date":"2022-04-07T16:40:00","date_gmt":"2022-04-07T16:40:00","guid":{"rendered":"http:\/\/172.27.0.121\/?p=1629"},"modified":"2022-06-29T16:41:17","modified_gmt":"2022-06-29T16:41:17","slug":"bombona-fue-la-victoria-que-abrio-el-camino-hacia-la-independencia-de-america","status":"publish","type":"post","link":"https:\/\/prensapresidencialvenezuela.gob.ve\/index.php\/2022\/04\/07\/bombona-fue-la-victoria-que-abrio-el-camino-hacia-la-independencia-de-america\/","title":{"rendered":"Bombon\u00e1 fue la victoria que abri\u00f3 el camino hacia la independencia de Am\u00e9rica"},"content":{"rendered":"\n<p><strong>Palacio de Miraflores, Caracas.-<\/strong> Este jueves el presidente de la Rep\u00fablica, Nicol\u00e1s Maduro conmemor\u00f3 los 200 a\u00f1os de la \u201cprimera gran victoria de la Campa\u00f1a del Sur de nuestro Libertador Sim\u00f3n Bol\u00edvar, de la dura, dif\u00edcil y sangrienta victoria militar de la Batalla de Bombon\u00e1\u201d.<\/p>\n\n\n\n<p>Desde el Sal\u00f3n N\u00e9stor Kirchner en el Palacio de Miraflores, el Jefe de Estado venezolano destac\u00f3 la visi\u00f3n estrat\u00e9gica del Libertador en la independencia de Am\u00e9rica. \u201cNunca tuvo una visi\u00f3n mezquina, individualista, peque\u00f1a, siempre tuvo la visi\u00f3n correcta de la Patria Grande, o somos libres todos o nadie va a ser libre en Am\u00e9rica\u201d, record\u00f3.<\/p>\n\n\n\n<p>En este sentido, resalt\u00f3 la importancia de esta Batalla en la lucha de la independencia de Am\u00e9rica \u201cy en este caso del proyecto gran colombiano\u201d.<\/p>\n\n\n\n<p>Al respecto, puntualiz\u00f3 que los movimientos t\u00e1cticos del Libertador permitieron su llegada a Per\u00fa, \u201cpara romperle el espinazo al ej\u00e9rcito imperial de Espa\u00f1a. Fue una campa\u00f1a concebida para liberar al Sur\u201d.<\/p>\n\n\n\n<p>En contexto, ratific\u00f3 que de no haber sido por la proeza del ej\u00e9rcito de Bol\u00edvar, la contra ofensiva imperial espa\u00f1ola \u201chubiera hecho estragos con esa independencia hasta el momento construida de manera fr\u00e1gil\u201d.<\/p>\n\n\n\n<p>Asimismo, destac\u00f3 la conciencia de los pueblos actualmente, quienes han recuperado el legado de la voluntad f\u00e9rrea de vencer del Libertador. \u201cNuestra voluntad debe estar basada en buena medida de la visi\u00f3n estrat\u00e9gica, conciencia del ser social, de la historia, del papel que le toca jugar a los pueblos, y en el siglo XXI hemos reivindicado en la pr\u00e1ctica, en el hacer, la voluntad de vencer\u201d, concluy\u00f3.<\/p>\n\n\n\n<p><strong>Prensa Presidencial\/Joelin Jim\u00e9nez<\/strong><\/p>\n","protected":false},"excerpt":{"rendered":"<p>Palacio de Miraflores, Caracas.- Este jueves el presidente de la Rep\u00fablica, Nicol\u00e1s Maduro conmemor\u00f3 los 200 a\u00f1os de la \u201cprimera gran victoria de la Campa\u00f1a del Sur de nuestro Libertador Sim\u00f3n Bol\u00edvar, de la dura, dif\u00edcil y sangrienta victoria militar de la Batalla de Bombon\u00e1\u201d. Desde el Sal\u00f3n N\u00e9stor Kirchner en el Palacio de Miraflores, [&hellip;]<\/p>\n","protected":false},"author":6,"featured_media":1630,"comment_status":"open","ping_status":"open","sticky":false,"template":"","format":"standard","meta":{"footnotes":""},"categories":[7],"tags":[],"class_list":["post-1629","post","type-post","status-publish","format-standard","has-post-thumbnail","hentry","category-notas-de-prensa"],"_links":{"self":[{"href":"https:\/\/prensapresidencialvenezuela.gob.ve\/index.php\/wp-json\/wp\/v2\/posts\/1629","targetHints":{"allow":["GET"]}}],"collection":[{"href":"https:\/\/prensapresidencialvenezuela.gob.ve\/index.php\/wp-json\/wp\/v2\/posts"}],"about":[{"href":"https:\/\/prensapresidencialvenezuela.gob.ve\/index.php\/wp-json\/wp\/v2\/types\/post"}],"author":[{"embeddable":true,"href":"https:\/\/prensapresidencialvenezuela.gob.ve\/index.php\/wp-json\/wp\/v2\/users\/6"}],"replies":[{"embeddable":true,"href":"https:\/\/prensapresidencialvenezuela.gob.ve\/index.php\/wp-json\/wp\/v2\/comments?post=1629"}],"version-history":[{"count":1,"href":"https:\/\/prensapresidencialvenezuela.gob.ve\/index.php\/wp-json\/wp\/v2\/posts\/1629\/revisions"}],"predecessor-version":[{"id":1631,"href":"https:\/\/prensapresidencialvenezuela.gob.ve\/index.php\/wp-json\/wp\/v2\/posts\/1629\/revisions\/1631"}],"wp:featuredmedia":[{"embeddable":true,"href":"https:\/\/prensapresidencialvenezuela.gob.ve\/index.php\/wp-json\/wp\/v2\/media\/1630"}],"wp:attachment":[{"href":"https:\/\/prensapresidencialvenezuela.gob.ve\/index.php\/wp-json\/wp\/v2\/media?parent=1629"}],"wp:term":[{"taxonomy":"category","embeddable":true,"href":"https:\/\/prensapresidencialvenezuela.gob.ve\/index.php\/wp-json\/wp\/v2\/categories?post=1629"},{"taxonomy":"post_tag","embeddable":true,"href":"https:\/\/prensapresidencialvenezuela.gob.ve\/index.php\/wp-json\/wp\/v2\/tags?post=1629"}],"curies":[{"name":"wp","href":"https:\/\/api.w.org\/{rel}","templated":true}]}}