{"id":16312,"date":"2025-01-10T19:00:50","date_gmt":"2025-01-10T23:00:50","guid":{"rendered":"https:\/\/prensapresidencialvenezuela.gob.ve\/?p=16312"},"modified":"2025-01-10T19:08:02","modified_gmt":"2025-01-10T23:08:02","slug":"presidente-maduro-a-venezuela-ha-llegado-una-nueva-epoca","status":"publish","type":"post","link":"https:\/\/prensapresidencialvenezuela.gob.ve\/index.php\/2025\/01\/10\/presidente-maduro-a-venezuela-ha-llegado-una-nueva-epoca\/","title":{"rendered":"Presidente Maduro: \u00abA Venezuela ha llegado una nueva \u00e9poca\u00bb"},"content":{"rendered":"\n<p><strong>Palacio de Miraflores, Caracas.- <\/strong>Desde las adyacencias de la Casa del Pueblo, el presidente constitucional de la Rep\u00fablica Bolivariana de Venezuela, Nicol\u00e1s Maduro, afirm\u00f3 que\u00a0 a Venezuela ha llegado una nueva \u00e9poca, un tiempo hist\u00f3rico, porque se encuentra victoriosa y los horizontes futuros est\u00e1n abiertos a bendiciones y milagros. En este sentido, el Mandatario Nacional destac\u00f3 que hoy diez avenidas de Caracas, m\u00e1s de 200 ciudades y pueblos, estuvieron llenas de pueblo revolucionario. <\/p>\n\n\n\n<p>Asimismo, a\u00f1adi\u00f3 que hoy se tuvo la visita de gobiernos y pueblos internacionales llenos de valent\u00eda, solidaridad y apoyo, por lo que resalt\u00f3 que hoy ha nacido un mundo diferente a los viejos imperios criminales y colonialistas de Europa. \u00abQue no se olviden los europeos que nosotros tenemos el pend\u00f3n de Pizarro, que nosotros los aplastamos y los sacamos de toda Suram\u00e9rica hace 200 a\u00f1os\u00bb, asever\u00f3 el jefe de Estado venezolano. <\/p>\n\n\n\n<p>Por otra parte, el Presidente agreg\u00f3 que se deben enfrentar todas las arremetidas en redes y medios, la guerra psicol\u00f3gica y pol\u00edtica que ha estado generando los derrotados y fascistas, motivo por el cual, inst\u00f3 a fijar posiciones y orientar al pueblo.<\/p>\n\n\n\n<p>En base al contexto de hoy y al triunfo de la Revoluci\u00f3n, el Dignatario expres\u00f3 que el pueblo venezolano es amor permanente, vivo por la Patria, los ni\u00f1os (as), la humanidad, enfatizando que la voz de Dios le ha dado la gran misi\u00f3n de seguir protegiendo y defendiendo a la Patria de Bol\u00edvar.<\/p>\n\n\n\n<p>Para finalizar, se jurament\u00f3 ante el pueblo y dijo que ante el proyecto hist\u00f3rico de Bol\u00edvar continuar\u00e1 con el proceso de construcci\u00f3n de una Venezuela potencia, de un nuevo modelo econ\u00f3mico que otorgue prosperidad al pa\u00eds, un modelo socialista lleno de igualdad, adem\u00e1s de consolidar el poder popular y la fusi\u00f3n militar, popular, policial para combatir cualquier conspiraci\u00f3n fascista. \u00a1Que viva Venezuela, mi patria querida!, exalt\u00f3 el Comandante en Jefe de la naci\u00f3n. <\/p>\n\n\n\n<p><strong>Prensa Presidencial \/ Irmary D\u00edaz<\/strong><\/p>\n","protected":false},"excerpt":{"rendered":"<p>Palacio de Miraflores, Caracas.- Desde las adyacencias de la Casa del Pueblo, el presidente constitucional de la Rep\u00fablica Bolivariana de Venezuela, Nicol\u00e1s Maduro, afirm\u00f3 que\u00a0 a Venezuela ha llegado una nueva \u00e9poca, un tiempo hist\u00f3rico, porque se encuentra victoriosa y los horizontes futuros est\u00e1n abiertos a bendiciones y milagros. En este sentido, el Mandatario Nacional [&hellip;]<\/p>\n","protected":false},"author":1,"featured_media":16313,"comment_status":"open","ping_status":"open","sticky":false,"template":"","format":"standard","meta":{"footnotes":""},"categories":[18,7],"tags":[38,19,451,27,20],"class_list":["post-16312","post","type-post","status-publish","format-standard","has-post-thumbnail","hentry","category-noticias-principales","category-notas-de-prensa","tag-diplomacia-bolivariana-de-paz","tag-nicolas-maduro","tag-pueblo","tag-revolucion-bolivariana","tag-venezuela"],"_links":{"self":[{"href":"https:\/\/prensapresidencialvenezuela.gob.ve\/index.php\/wp-json\/wp\/v2\/posts\/16312","targetHints":{"allow":["GET"]}}],"collection":[{"href":"https:\/\/prensapresidencialvenezuela.gob.ve\/index.php\/wp-json\/wp\/v2\/posts"}],"about":[{"href":"https:\/\/prensapresidencialvenezuela.gob.ve\/index.php\/wp-json\/wp\/v2\/types\/post"}],"author":[{"embeddable":true,"href":"https:\/\/prensapresidencialvenezuela.gob.ve\/index.php\/wp-json\/wp\/v2\/users\/1"}],"replies":[{"embeddable":true,"href":"https:\/\/prensapresidencialvenezuela.gob.ve\/index.php\/wp-json\/wp\/v2\/comments?post=16312"}],"version-history":[{"count":2,"href":"https:\/\/prensapresidencialvenezuela.gob.ve\/index.php\/wp-json\/wp\/v2\/posts\/16312\/revisions"}],"predecessor-version":[{"id":16316,"href":"https:\/\/prensapresidencialvenezuela.gob.ve\/index.php\/wp-json\/wp\/v2\/posts\/16312\/revisions\/16316"}],"wp:featuredmedia":[{"embeddable":true,"href":"https:\/\/prensapresidencialvenezuela.gob.ve\/index.php\/wp-json\/wp\/v2\/media\/16313"}],"wp:attachment":[{"href":"https:\/\/prensapresidencialvenezuela.gob.ve\/index.php\/wp-json\/wp\/v2\/media?parent=16312"}],"wp:term":[{"taxonomy":"category","embeddable":true,"href":"https:\/\/prensapresidencialvenezuela.gob.ve\/index.php\/wp-json\/wp\/v2\/categories?post=16312"},{"taxonomy":"post_tag","embeddable":true,"href":"https:\/\/prensapresidencialvenezuela.gob.ve\/index.php\/wp-json\/wp\/v2\/tags?post=16312"}],"curies":[{"name":"wp","href":"https:\/\/api.w.org\/{rel}","templated":true}]}}