{"id":16323,"date":"2025-01-10T21:13:02","date_gmt":"2025-01-11T01:13:02","guid":{"rendered":"https:\/\/prensapresidencialvenezuela.gob.ve\/?p=16323"},"modified":"2025-01-10T21:13:03","modified_gmt":"2025-01-11T01:13:03","slug":"venezuela-estrecha-lazos-estrategicos-para-el-crecimiento-economico-del-pais","status":"publish","type":"post","link":"https:\/\/prensapresidencialvenezuela.gob.ve\/index.php\/2025\/01\/10\/venezuela-estrecha-lazos-estrategicos-para-el-crecimiento-economico-del-pais\/","title":{"rendered":"Venezuela estrecha lazos estrat\u00e9gicos para el crecimiento econ\u00f3mico del pa\u00eds"},"content":{"rendered":"\n<p><strong>Palacio de Miraflores, Caracas.- <\/strong>El presidente de la Rep\u00fablica Bolivariana de Venezuela, Nicol\u00e1s Maduro Moros,\u00a0 sostuvo una reuni\u00f3n fruct\u00edfera con la delegaci\u00f3n de alto nivel de la Organizaci\u00f3n de Pa\u00edses Exportadores de Petr\u00f3leo (OPEP) y del Foro de Pa\u00edses exportadores de Gas (FPEG), para continuar afianzando lazos de hermandad y crecimiento econ\u00f3mico.<\/p>\n\n\n\n<p>Es importante mencionar que Mohamed Hamel, secretario general del Foro de Pa\u00edses Exportadores de Gas, y el secretario general de la OPEP, Haitham Al Ghais, arribaron a la naci\u00f3n para participar en la ceremonia de juramentaci\u00f3n del presidente Nicol\u00e1s Maduro, quien asumi\u00f3 este jueves su nuevo mandato constitucional para el periodo 2025-2031.<\/p>\n\n\n\n<p>Las delegaciones internacionales han resaltado la relevancia continua de Venezuela en el mercado petrolero global, ya que refuerza las relaciones estrat\u00e9gicas entre el pa\u00eds, la OPEP y el FPEG, en v\u00edsperas del nuevo periodo presidencial.<\/p>\n\n\n\n<p>La presencia de estas comisiones en Venezuela&nbsp; es una muestra de que la naci\u00f3n venezolana no est\u00e1 sola y cuenta con el apoyo y respeto internacional, adem\u00e1s del reconocimiento del Mandatario venezolano como presidente leg\u00edtimo.<\/p>\n\n\n\n<p>Es de inter\u00e9s mencionar, que el 2024 la ministra del Poder Popular para el Petr\u00f3leo, Delcy Rodr\u00edguez, se reuni\u00f3 con el Secretario General de la (OPEP), en Caracas, para consolidar la cooperaci\u00f3n bilateral y discutir pol\u00edticas energ\u00e9ticas en un contexto global desafiante; mientras que durante su visita en la Federaci\u00f3n de Rusia,&nbsp; en el mismo a\u00f1o, sostuvo un encuentro con el Secretario General del (FPEG) para abordar temas relacionados a las nuevas estrategias energ\u00e9ticas.<\/p>\n\n\n\n<p><strong>Prensa Presidencial \/ Irmary D\u00edaz<\/strong><\/p>\n","protected":false},"excerpt":{"rendered":"<p>Palacio de Miraflores, Caracas.- El presidente de la Rep\u00fablica Bolivariana de Venezuela, Nicol\u00e1s Maduro Moros,\u00a0 sostuvo una reuni\u00f3n fruct\u00edfera con la delegaci\u00f3n de alto nivel de la Organizaci\u00f3n de Pa\u00edses Exportadores de Petr\u00f3leo (OPEP) y del Foro de Pa\u00edses exportadores de Gas (FPEG), para continuar afianzando lazos de hermandad y crecimiento econ\u00f3mico. Es importante mencionar [&hellip;]<\/p>\n","protected":false},"author":1,"featured_media":16330,"comment_status":"open","ping_status":"open","sticky":false,"template":"","format":"standard","meta":{"footnotes":""},"categories":[18,7],"tags":[38,21,19,27,20],"class_list":["post-16323","post","type-post","status-publish","format-standard","has-post-thumbnail","hentry","category-noticias-principales","category-notas-de-prensa","tag-diplomacia-bolivariana-de-paz","tag-economia-venezolana","tag-nicolas-maduro","tag-revolucion-bolivariana","tag-venezuela"],"_links":{"self":[{"href":"https:\/\/prensapresidencialvenezuela.gob.ve\/index.php\/wp-json\/wp\/v2\/posts\/16323","targetHints":{"allow":["GET"]}}],"collection":[{"href":"https:\/\/prensapresidencialvenezuela.gob.ve\/index.php\/wp-json\/wp\/v2\/posts"}],"about":[{"href":"https:\/\/prensapresidencialvenezuela.gob.ve\/index.php\/wp-json\/wp\/v2\/types\/post"}],"author":[{"embeddable":true,"href":"https:\/\/prensapresidencialvenezuela.gob.ve\/index.php\/wp-json\/wp\/v2\/users\/1"}],"replies":[{"embeddable":true,"href":"https:\/\/prensapresidencialvenezuela.gob.ve\/index.php\/wp-json\/wp\/v2\/comments?post=16323"}],"version-history":[{"count":1,"href":"https:\/\/prensapresidencialvenezuela.gob.ve\/index.php\/wp-json\/wp\/v2\/posts\/16323\/revisions"}],"predecessor-version":[{"id":16331,"href":"https:\/\/prensapresidencialvenezuela.gob.ve\/index.php\/wp-json\/wp\/v2\/posts\/16323\/revisions\/16331"}],"wp:featuredmedia":[{"embeddable":true,"href":"https:\/\/prensapresidencialvenezuela.gob.ve\/index.php\/wp-json\/wp\/v2\/media\/16330"}],"wp:attachment":[{"href":"https:\/\/prensapresidencialvenezuela.gob.ve\/index.php\/wp-json\/wp\/v2\/media?parent=16323"}],"wp:term":[{"taxonomy":"category","embeddable":true,"href":"https:\/\/prensapresidencialvenezuela.gob.ve\/index.php\/wp-json\/wp\/v2\/categories?post=16323"},{"taxonomy":"post_tag","embeddable":true,"href":"https:\/\/prensapresidencialvenezuela.gob.ve\/index.php\/wp-json\/wp\/v2\/tags?post=16323"}],"curies":[{"name":"wp","href":"https:\/\/api.w.org\/{rel}","templated":true}]}}