{"id":16328,"date":"2025-01-10T21:43:07","date_gmt":"2025-01-11T01:43:07","guid":{"rendered":"https:\/\/prensapresidencialvenezuela.gob.ve\/?p=16328"},"modified":"2025-01-10T21:43:08","modified_gmt":"2025-01-11T01:43:08","slug":"rusia-ratifica-respaldo-al-presidente-nicolas-maduro","status":"publish","type":"post","link":"https:\/\/prensapresidencialvenezuela.gob.ve\/index.php\/2025\/01\/10\/rusia-ratifica-respaldo-al-presidente-nicolas-maduro\/","title":{"rendered":"Rusia ratifica respaldo al presidente Nicol\u00e1s Maduro"},"content":{"rendered":"\n<p><strong>Palacio de Miraflores.- <\/strong>Desde el Palacio de Gobierno, el presidente constitucional de la Rep\u00fablica Bolivariana de Venezuela, Nicol\u00e1s Maduro, recibi\u00f3 a Viacheslav Volodin, presidente de la Duma Estatal de la Federaci\u00f3n de Rusia.<\/p>\n\n\n\n<p>Volodin lleg\u00f3 a la naci\u00f3n venezolana como enviado especial del presidente ruso Vladimir Putin, para respaldar la investidura del Jefe de Estado Nicol\u00e1s Maduro.<\/p>\n\n\n\n<p>En la reuni\u00f3n que se celebr\u00f3 en Miraflores, tambi\u00e9n asisti\u00f3 por la delegaci\u00f3n el embajador de la Federacion de Rusia, Sergey Melik Bagdasarov; el vicepresidente de la Duma Estatal, Aleksandr Babakov; y Leonid Slutskii, jefe de la bancada del Partido Liberal Democrata de Rusia, entre otros representantes.<\/p>\n\n\n\n<p>Acompa\u00f1an al Dignatario venezolano, la primera combatiente, Cilia Flores; la vicepresidenta Ejecutiva, Delcy Rodr\u00edguez; entre otras autoridades venezolanas.<\/p>\n\n\n\n<p>Los gobiernos en Caracas y Mosc\u00fa mantienen una relaci\u00f3n de hermandad y cooperaci\u00f3n, que incluye numerosos acuerdos en las esferas de la energ\u00eda, el petr\u00f3leo, el turismo, la cultura y la educaci\u00f3n, entre otras \u00e1reas.<\/p>\n\n\n\n<p><strong>Prensa Presidencial \/ Eduardo Hueck<\/strong><\/p>\n","protected":false},"excerpt":{"rendered":"<p>Palacio de Miraflores.- Desde el Palacio de Gobierno, el presidente constitucional de la Rep\u00fablica Bolivariana de Venezuela, Nicol\u00e1s Maduro, recibi\u00f3 a Viacheslav Volodin, presidente de la Duma Estatal de la Federaci\u00f3n de Rusia. Volodin lleg\u00f3 a la naci\u00f3n venezolana como enviado especial del presidente ruso Vladimir Putin, para respaldar la investidura del Jefe de Estado [&hellip;]<\/p>\n","protected":false},"author":1,"featured_media":16329,"comment_status":"open","ping_status":"open","sticky":false,"template":"","format":"standard","meta":{"footnotes":""},"categories":[18,7],"tags":[30,38,19,27,20],"class_list":["post-16328","post","type-post","status-publish","format-standard","has-post-thumbnail","hentry","category-noticias-principales","category-notas-de-prensa","tag-destacado","tag-diplomacia-bolivariana-de-paz","tag-nicolas-maduro","tag-revolucion-bolivariana","tag-venezuela"],"_links":{"self":[{"href":"https:\/\/prensapresidencialvenezuela.gob.ve\/index.php\/wp-json\/wp\/v2\/posts\/16328","targetHints":{"allow":["GET"]}}],"collection":[{"href":"https:\/\/prensapresidencialvenezuela.gob.ve\/index.php\/wp-json\/wp\/v2\/posts"}],"about":[{"href":"https:\/\/prensapresidencialvenezuela.gob.ve\/index.php\/wp-json\/wp\/v2\/types\/post"}],"author":[{"embeddable":true,"href":"https:\/\/prensapresidencialvenezuela.gob.ve\/index.php\/wp-json\/wp\/v2\/users\/1"}],"replies":[{"embeddable":true,"href":"https:\/\/prensapresidencialvenezuela.gob.ve\/index.php\/wp-json\/wp\/v2\/comments?post=16328"}],"version-history":[{"count":1,"href":"https:\/\/prensapresidencialvenezuela.gob.ve\/index.php\/wp-json\/wp\/v2\/posts\/16328\/revisions"}],"predecessor-version":[{"id":16333,"href":"https:\/\/prensapresidencialvenezuela.gob.ve\/index.php\/wp-json\/wp\/v2\/posts\/16328\/revisions\/16333"}],"wp:featuredmedia":[{"embeddable":true,"href":"https:\/\/prensapresidencialvenezuela.gob.ve\/index.php\/wp-json\/wp\/v2\/media\/16329"}],"wp:attachment":[{"href":"https:\/\/prensapresidencialvenezuela.gob.ve\/index.php\/wp-json\/wp\/v2\/media?parent=16328"}],"wp:term":[{"taxonomy":"category","embeddable":true,"href":"https:\/\/prensapresidencialvenezuela.gob.ve\/index.php\/wp-json\/wp\/v2\/categories?post=16328"},{"taxonomy":"post_tag","embeddable":true,"href":"https:\/\/prensapresidencialvenezuela.gob.ve\/index.php\/wp-json\/wp\/v2\/tags?post=16328"}],"curies":[{"name":"wp","href":"https:\/\/api.w.org\/{rel}","templated":true}]}}