{"id":1635,"date":"2022-04-07T16:48:00","date_gmt":"2022-04-07T16:48:00","guid":{"rendered":"http:\/\/172.27.0.121\/?p=1635"},"modified":"2022-06-29T16:50:58","modified_gmt":"2022-06-29T16:50:58","slug":"carabobo-caminos-de-libertad-estrenara-segunda-temporada-el-proximo-19-a","status":"publish","type":"post","link":"https:\/\/prensapresidencialvenezuela.gob.ve\/index.php\/2022\/04\/07\/carabobo-caminos-de-libertad-estrenara-segunda-temporada-el-proximo-19-a\/","title":{"rendered":"Carabobo, Caminos de Libertad estrenar\u00e1 segunda temporada el pr\u00f3ximo 19-A"},"content":{"rendered":"\n<p><strong>Palacio de Miraflores, Caracas.-<\/strong> El pr\u00f3ximo 19 de abril se estrenar\u00e1n seis nuevos cap\u00edtulos de la serie Carabobo, Caminos de Libertad, la cual rememora los hechos m\u00e1s importantes de la Batalla de Carabobo, como parte de la gesta independentista de la patria venezolana.<\/p>\n\n\n\n<p>El anuncio lo realiz\u00f3 el presidente de la Rep\u00fablica, Nicol\u00e1s Maduro, desde el Sal\u00f3n N\u00e9stor Kirchner en el Palacio de Miraflores, al destacar que el estreno se realizar\u00e1 a escala nacional e internacional de esta segunda temporada de la serie dirigida por Lu\u00eds Alberto Lamata.<\/p>\n\n\n\n<p>\u201cExtraordinaria obra, merecedora de grandes premios nacionales e internacionales (\u2026) y ahora que sigan las secuencias maravillosas\u201d, se\u00f1al\u00f3 el Mandatario.<\/p>\n\n\n\n<p>Carabobo, Caminos de Libertad re\u00fane a m\u00e1s de 500 hombres y mujeres para dar vida a h\u00e9roes hist\u00f3ricos de Venezuela. Una producci\u00f3n que emple\u00f3 compositores, m\u00fasicos y dise\u00f1adores, equipo de post producci\u00f3n y efectos especiales, adem\u00e1s de actrices y actores de gran calidad.<\/p>\n\n\n\n<p>Es importante destacar, que la preproducci\u00f3n de esta serie inici\u00f3 el 8 de enero de 2021, pero fue hasta el 19 de abril de ese mismo a\u00f1o cuando se inician las grabaciones de la serie venezolana.<\/p>\n\n\n\n<p><strong>Prensa Presidencial\/Joelin Jim\u00e9nez<\/strong><\/p>\n","protected":false},"excerpt":{"rendered":"<p>Palacio de Miraflores, Caracas.- El pr\u00f3ximo 19 de abril se estrenar\u00e1n seis nuevos cap\u00edtulos de la serie Carabobo, Caminos de Libertad, la cual rememora los hechos m\u00e1s importantes de la Batalla de Carabobo, como parte de la gesta independentista de la patria venezolana. El anuncio lo realiz\u00f3 el presidente de la Rep\u00fablica, Nicol\u00e1s Maduro, desde [&hellip;]<\/p>\n","protected":false},"author":6,"featured_media":1636,"comment_status":"open","ping_status":"open","sticky":false,"template":"","format":"standard","meta":{"footnotes":""},"categories":[7],"tags":[],"class_list":["post-1635","post","type-post","status-publish","format-standard","has-post-thumbnail","hentry","category-notas-de-prensa"],"_links":{"self":[{"href":"https:\/\/prensapresidencialvenezuela.gob.ve\/index.php\/wp-json\/wp\/v2\/posts\/1635","targetHints":{"allow":["GET"]}}],"collection":[{"href":"https:\/\/prensapresidencialvenezuela.gob.ve\/index.php\/wp-json\/wp\/v2\/posts"}],"about":[{"href":"https:\/\/prensapresidencialvenezuela.gob.ve\/index.php\/wp-json\/wp\/v2\/types\/post"}],"author":[{"embeddable":true,"href":"https:\/\/prensapresidencialvenezuela.gob.ve\/index.php\/wp-json\/wp\/v2\/users\/6"}],"replies":[{"embeddable":true,"href":"https:\/\/prensapresidencialvenezuela.gob.ve\/index.php\/wp-json\/wp\/v2\/comments?post=1635"}],"version-history":[{"count":1,"href":"https:\/\/prensapresidencialvenezuela.gob.ve\/index.php\/wp-json\/wp\/v2\/posts\/1635\/revisions"}],"predecessor-version":[{"id":1637,"href":"https:\/\/prensapresidencialvenezuela.gob.ve\/index.php\/wp-json\/wp\/v2\/posts\/1635\/revisions\/1637"}],"wp:featuredmedia":[{"embeddable":true,"href":"https:\/\/prensapresidencialvenezuela.gob.ve\/index.php\/wp-json\/wp\/v2\/media\/1636"}],"wp:attachment":[{"href":"https:\/\/prensapresidencialvenezuela.gob.ve\/index.php\/wp-json\/wp\/v2\/media?parent=1635"}],"wp:term":[{"taxonomy":"category","embeddable":true,"href":"https:\/\/prensapresidencialvenezuela.gob.ve\/index.php\/wp-json\/wp\/v2\/categories?post=1635"},{"taxonomy":"post_tag","embeddable":true,"href":"https:\/\/prensapresidencialvenezuela.gob.ve\/index.php\/wp-json\/wp\/v2\/tags?post=1635"}],"curies":[{"name":"wp","href":"https:\/\/api.w.org\/{rel}","templated":true}]}}