{"id":16350,"date":"2025-01-11T19:28:57","date_gmt":"2025-01-11T23:28:57","guid":{"rendered":"https:\/\/prensapresidencialvenezuela.gob.ve\/?p=16350"},"modified":"2025-01-11T19:28:57","modified_gmt":"2025-01-11T23:28:57","slug":"mas-de-2-mil-invitados-nacionales-e-internacionales-manifiestan-su-apoyo-irrestricto-al-presidente-nicolas-maduro","status":"publish","type":"post","link":"https:\/\/prensapresidencialvenezuela.gob.ve\/index.php\/2025\/01\/11\/mas-de-2-mil-invitados-nacionales-e-internacionales-manifiestan-su-apoyo-irrestricto-al-presidente-nicolas-maduro\/","title":{"rendered":"M\u00e1s de 2 mil invitados nacionales e internacionales manifiestan su apoyo irrestricto al presidente Nicol\u00e1s Maduro"},"content":{"rendered":"\n<p><strong>La Carlota, estado Miranda. \u2013<\/strong> Durante la clausura Festival Mundial de la Internacional Antifascista Por Un Nuevo Mundo, m\u00e1s de 2 mil representantes de movimientos sociales expresaron su firme reconocimiento y respaldo al presidente constitucional de la Rep\u00fablica Bolivariana de Venezuela, Nicol\u00e1s Maduro Moros, con motivo de su juramentaci\u00f3n como l\u00edder leg\u00edtimo para el periodo presidencial 2025-2031.<\/p>\n\n\n\n<p>En este evento fue le\u00edda la resoluci\u00f3n aprobada por asamblea de los delegados y delegadas de m\u00e1s de 100 pa\u00edses, surgidas de los debates y reflexiones orientadas a la construcci\u00f3n del plan de acci\u00f3n internacional de la internacional antifascista y consolidar una agenda com\u00fan para enfrentar los retos del contexto mundial.<\/p>\n\n\n\n<p><strong>Conozca los 12 puntos:<\/strong><\/p>\n\n\n\n<p>\u2022 Seguir avanzando en la organizaci\u00f3n y la consolidaci\u00f3n de cap\u00edtulos de la internacional antifascista en cada uno de nuestros pa\u00edses, regiones, continentes para las luchas contra el fascismo desde nuestros territorios hacia una plataforma mundial bajo el acompa\u00f1amiento de una secretar\u00eda ejecutiva de la internacional antifascista.<\/p>\n\n\n\n<p>\u2022 Creaci\u00f3n y puesta en marcha del tanque de pensamiento de la internacional antifascista. Denominada foro de Caracas para establecer espacios de an\u00e1lisis estrat\u00e9gico y praxis antifascista en cada pa\u00eds, regi\u00f3n y continente. Se propone convocar en el primer semestre de dos mil veinticinco un gran encuentro mundial de tanques de pensamientos organizado desde la Secretar\u00eda Ejecutiva de la Internacional Antifascista.<\/p>\n\n\n\n<p>\u2022 Lanzamiento en el mes de marzo pr\u00f3ximo campamento de formaci\u00f3n \u201csemilleros del nuevo mundo\u201d una iniciativa que han tomado los compa\u00f1eros de la juventud que participan de esa articulaci\u00f3n ese programa e iniciativa tiene como objetivo formar j\u00f3venes de todo el mundo l\u00edderes comprometidos con la construcci\u00f3n de un nuevo mundo.<\/p>\n\n\n\n<p>\u2022 Realizaci\u00f3n del encuentro mundial antifascista del sector religioso.<\/p>\n\n\n\n<p>\u2022 Encuentro internacional de escuelas de formaci\u00f3n pol\u00edtica del sur global.<\/p>\n\n\n\n<p>\u2022 Desarrollar iniciativas comunitarias que permitan arraigar el movimiento antifascista en las bases populares que tenemos en cada organizaci\u00f3n.<\/p>\n\n\n\n<p><br>\u2022 Lanzamiento de la internacional feminista popular, antifascista en el ocho de marzo.<\/p>\n\n\n\n<p>\u2022 Realizaron congreso mundial antifascista de los pueblos originarios de nuestros continentes.<\/p>\n\n\n\n<p>\u2022 Convocar para el a\u00f1o 2025 ahora el encuentro un encuentro mundial de juristas en contra del fascismo que permita establecer estrategias jur\u00eddicas y legislativas para enfrentar el fascismo y sus expresiones similares.<\/p>\n\n\n\n<p>\u2022 Convocar a los pueblos del mundo para fortalecer la internacional antifascista como instrumento de existencia colectiva.<\/p>\n\n\n\n<p>\u2022 Transformar el a\u00f1o veinticinco en un hito para avanzar hacia un mundo de paz, equidad y emancipaci\u00f3n.<\/p>\n\n\n\n<p>Asimismo, mujeres y hombre de partidos pol\u00edticos, organizaciones culturales y populares, intelectuales, pueblos ind\u00edgenas, j\u00f3venes, estudiantes, trabajadores y trabajadoras, parlamentarios, comunicadores, personalidades provenientes de m\u00e1s de 125 pa\u00edses, hicieron un juramento manifestando su compromiso con el pueblo de Venezuela y a su l\u00edder, el presidente Nicol\u00e1s Maduro.<\/p>\n\n\n\n<figure class=\"wp-block-image size-large is-resized\"><img fetchpriority=\"high\" decoding=\"async\" width=\"1024\" height=\"575\" src=\"https:\/\/prensapresidencialvenezuela.gob.ve\/wp-content\/uploads\/2025\/01\/photo_20_2025-01-11_17-51-49-1024x575.jpg\" alt=\"\" class=\"wp-image-16352\" style=\"width:447px;height:auto\" srcset=\"https:\/\/prensapresidencialvenezuela.gob.ve\/wp-content\/uploads\/2025\/01\/photo_20_2025-01-11_17-51-49-1024x575.jpg 1024w, https:\/\/prensapresidencialvenezuela.gob.ve\/wp-content\/uploads\/2025\/01\/photo_20_2025-01-11_17-51-49-300x169.jpg 300w, https:\/\/prensapresidencialvenezuela.gob.ve\/wp-content\/uploads\/2025\/01\/photo_20_2025-01-11_17-51-49-768x431.jpg 768w, https:\/\/prensapresidencialvenezuela.gob.ve\/wp-content\/uploads\/2025\/01\/photo_20_2025-01-11_17-51-49.jpg 1280w\" sizes=\"(max-width: 1024px) 100vw, 1024px\" \/><\/figure>\n\n\n\n<p><strong>A continuaci\u00f3n, el juramento:<\/strong><\/p>\n\n\n\n<p>Desde la ciudad de Caracas, cuna de la dignidad revolucionaria en un acto de unidad y compromiso los delegados y delegadas de m\u00e1s de 125 pa\u00edses en el festival mundial de la internacional antifascista alzamos nuestro pu\u00f1o en alto: Juramos con firmeza junto al presidente Nicol\u00e1s Maduro avanzar sin descanso en la lucha contra el fascismo, contra el imperialismo, contra el colonialismo, contra el patriarcado y todas las expresiones de opresi\u00f3n y dominaci\u00f3n. Reafirmamos nuestro compromiso de emancipaci\u00f3n, de soberan\u00eda, de construcci\u00f3n de un nuevo proyecto fundado en la justicia, la unidad, la solidaridad y la autodeterminaci\u00f3n de los pueblos. \u00a1Viva el pueblo de Venezuela, vivan los pueblos del mundo!<\/p>\n\n\n\n<p><strong>Prensa Presidencial \/ Eduardo Hueck<\/strong><\/p>\n","protected":false},"excerpt":{"rendered":"<p>La Carlota, estado Miranda. \u2013 Durante la clausura Festival Mundial de la Internacional Antifascista Por Un Nuevo Mundo, m\u00e1s de 2 mil representantes de movimientos sociales expresaron su firme reconocimiento y respaldo al presidente constitucional de la Rep\u00fablica Bolivariana de Venezuela, Nicol\u00e1s Maduro Moros, con motivo de su juramentaci\u00f3n como l\u00edder leg\u00edtimo para el periodo [&hellip;]<\/p>\n","protected":false},"author":1,"featured_media":16351,"comment_status":"open","ping_status":"open","sticky":false,"template":"","format":"standard","meta":{"footnotes":""},"categories":[18,7],"tags":[38,21,19,27,20],"class_list":["post-16350","post","type-post","status-publish","format-standard","has-post-thumbnail","hentry","category-noticias-principales","category-notas-de-prensa","tag-diplomacia-bolivariana-de-paz","tag-economia-venezolana","tag-nicolas-maduro","tag-revolucion-bolivariana","tag-venezuela"],"_links":{"self":[{"href":"https:\/\/prensapresidencialvenezuela.gob.ve\/index.php\/wp-json\/wp\/v2\/posts\/16350","targetHints":{"allow":["GET"]}}],"collection":[{"href":"https:\/\/prensapresidencialvenezuela.gob.ve\/index.php\/wp-json\/wp\/v2\/posts"}],"about":[{"href":"https:\/\/prensapresidencialvenezuela.gob.ve\/index.php\/wp-json\/wp\/v2\/types\/post"}],"author":[{"embeddable":true,"href":"https:\/\/prensapresidencialvenezuela.gob.ve\/index.php\/wp-json\/wp\/v2\/users\/1"}],"replies":[{"embeddable":true,"href":"https:\/\/prensapresidencialvenezuela.gob.ve\/index.php\/wp-json\/wp\/v2\/comments?post=16350"}],"version-history":[{"count":1,"href":"https:\/\/prensapresidencialvenezuela.gob.ve\/index.php\/wp-json\/wp\/v2\/posts\/16350\/revisions"}],"predecessor-version":[{"id":16353,"href":"https:\/\/prensapresidencialvenezuela.gob.ve\/index.php\/wp-json\/wp\/v2\/posts\/16350\/revisions\/16353"}],"wp:featuredmedia":[{"embeddable":true,"href":"https:\/\/prensapresidencialvenezuela.gob.ve\/index.php\/wp-json\/wp\/v2\/media\/16351"}],"wp:attachment":[{"href":"https:\/\/prensapresidencialvenezuela.gob.ve\/index.php\/wp-json\/wp\/v2\/media?parent=16350"}],"wp:term":[{"taxonomy":"category","embeddable":true,"href":"https:\/\/prensapresidencialvenezuela.gob.ve\/index.php\/wp-json\/wp\/v2\/categories?post=16350"},{"taxonomy":"post_tag","embeddable":true,"href":"https:\/\/prensapresidencialvenezuela.gob.ve\/index.php\/wp-json\/wp\/v2\/tags?post=16350"}],"curies":[{"name":"wp","href":"https:\/\/api.w.org\/{rel}","templated":true}]}}