{"id":16358,"date":"2025-01-11T20:59:52","date_gmt":"2025-01-12T00:59:52","guid":{"rendered":"https:\/\/prensapresidencialvenezuela.gob.ve\/?p=16358"},"modified":"2025-01-11T20:59:52","modified_gmt":"2025-01-12T00:59:52","slug":"jefe-de-estado-otorga-condecoracion-orden-bicentenario-de-la-victoria-ayacucho-a-funcionarios-sancionados","status":"publish","type":"post","link":"https:\/\/prensapresidencialvenezuela.gob.ve\/index.php\/2025\/01\/11\/jefe-de-estado-otorga-condecoracion-orden-bicentenario-de-la-victoria-ayacucho-a-funcionarios-sancionados\/","title":{"rendered":"Jefe de Estado otorga condecoraci\u00f3n Orden Bicentenario de la Victoria Ayacucho a funcionarios sancionados"},"content":{"rendered":"\n<p><strong>La Carlota, estado Miranda.- <\/strong>En un acto cargado de simbolismo y resistencia, el presidente de la Rep\u00fablica Bolivariana de Venezuela, Nicol\u00e1s Maduro, condecor\u00f3 con la Orden Bicentenario de la Victoria de Ayacucho a los funcionarios sancionados por el gobierno de los Estados Unidos, la Uni\u00f3n Europea, Reino Unido y Canad\u00e1. Este reconocimiento destaca la lucha incansable de estos l\u00edderes por la defensa de la soberan\u00eda venezolana.<\/p>\n\n\n\n<p>Durante la clausura del Festival Mundial de la Internacional Antifascista, el presidente Maduro resalt\u00f3 la importancia de la agenda de liberaci\u00f3n inspirada por Sim\u00f3n Bol\u00edvar, condecorando a l\u00edderes institucionales, civiles, militares y pol\u00edticos que han sido injustamente sancionados por su firme defensa de la patria.<\/p>\n\n\n\n<p>Entre los patriotas se encuentran la presidenta del Tribunal Supremo de Justicia (TSJ) Caryslia Beatr\u00edz Rodr\u00edguez; el vicepresidente sectorial de Soberan\u00eda Pol\u00edtica, Seguridad y Paz y ministro del Poder Popular para la Defensa, G\/J Vladimir Padrino L\u00f3pez; el ministro del Poder Popular para Transporte, Ram\u00f3n Celestino Vel\u00e1squez Araguay\u00e1n; y la Segunda Vicepresidenta del TSJ, Tania D\u2019Amelio, entre otros.<\/p>\n\n\n\n<p>El jefe de Estado destac\u00f3 que la creaci\u00f3n de esta nueva Orden Bicentenario de la Victoria de Ayacucho, es una respuesta directa a las agresiones ilegales contra funcionarios, literatos, escritores, l\u00edderes militares y policiales sancionados por gobiernos imperialistas y oligarcas.<\/p>\n\n\n\n<p>\u00abUstedes representan s\u00edmbolos de conducta honesta y soberana en defensa de la patria,\u00bb afirm\u00f3 el Mandatario, felicitando a los condecorados.<\/p>\n\n\n\n<p>En su discurso, el Dignatario enfatiz\u00f3 que la humanidad enfrenta una amenaza por el resurgimiento de corrientes fascistas y colonialistas sin l\u00edmites en sus ambiciones. Reafirm\u00f3 que Venezuela tampoco tiene l\u00edmites en su deseo de ser libre y en su derecho al futuro.<\/p>\n\n\n\n<p><br><strong>Prensa Presidencial \/ Luis Tavera<\/strong><\/p>\n","protected":false},"excerpt":{"rendered":"<p>La Carlota, estado Miranda.- En un acto cargado de simbolismo y resistencia, el presidente de la Rep\u00fablica Bolivariana de Venezuela, Nicol\u00e1s Maduro, condecor\u00f3 con la Orden Bicentenario de la Victoria de Ayacucho a los funcionarios sancionados por el gobierno de los Estados Unidos, la Uni\u00f3n Europea, Reino Unido y Canad\u00e1. Este reconocimiento destaca la lucha [&hellip;]<\/p>\n","protected":false},"author":1,"featured_media":16359,"comment_status":"open","ping_status":"open","sticky":false,"template":"","format":"standard","meta":{"footnotes":""},"categories":[18,7],"tags":[38,21,19,27,20],"class_list":["post-16358","post","type-post","status-publish","format-standard","has-post-thumbnail","hentry","category-noticias-principales","category-notas-de-prensa","tag-diplomacia-bolivariana-de-paz","tag-economia-venezolana","tag-nicolas-maduro","tag-revolucion-bolivariana","tag-venezuela"],"_links":{"self":[{"href":"https:\/\/prensapresidencialvenezuela.gob.ve\/index.php\/wp-json\/wp\/v2\/posts\/16358","targetHints":{"allow":["GET"]}}],"collection":[{"href":"https:\/\/prensapresidencialvenezuela.gob.ve\/index.php\/wp-json\/wp\/v2\/posts"}],"about":[{"href":"https:\/\/prensapresidencialvenezuela.gob.ve\/index.php\/wp-json\/wp\/v2\/types\/post"}],"author":[{"embeddable":true,"href":"https:\/\/prensapresidencialvenezuela.gob.ve\/index.php\/wp-json\/wp\/v2\/users\/1"}],"replies":[{"embeddable":true,"href":"https:\/\/prensapresidencialvenezuela.gob.ve\/index.php\/wp-json\/wp\/v2\/comments?post=16358"}],"version-history":[{"count":1,"href":"https:\/\/prensapresidencialvenezuela.gob.ve\/index.php\/wp-json\/wp\/v2\/posts\/16358\/revisions"}],"predecessor-version":[{"id":16360,"href":"https:\/\/prensapresidencialvenezuela.gob.ve\/index.php\/wp-json\/wp\/v2\/posts\/16358\/revisions\/16360"}],"wp:featuredmedia":[{"embeddable":true,"href":"https:\/\/prensapresidencialvenezuela.gob.ve\/index.php\/wp-json\/wp\/v2\/media\/16359"}],"wp:attachment":[{"href":"https:\/\/prensapresidencialvenezuela.gob.ve\/index.php\/wp-json\/wp\/v2\/media?parent=16358"}],"wp:term":[{"taxonomy":"category","embeddable":true,"href":"https:\/\/prensapresidencialvenezuela.gob.ve\/index.php\/wp-json\/wp\/v2\/categories?post=16358"},{"taxonomy":"post_tag","embeddable":true,"href":"https:\/\/prensapresidencialvenezuela.gob.ve\/index.php\/wp-json\/wp\/v2\/tags?post=16358"}],"curies":[{"name":"wp","href":"https:\/\/api.w.org\/{rel}","templated":true}]}}